{"id":17009,"date":"2025-09-01T06:45:03","date_gmt":"2025-09-01T04:45:03","guid":{"rendered":"https:\/\/www.kelmis.be\/?p=17009"},"modified":"2025-09-01T06:56:34","modified_gmt":"2025-09-01T04:56:34","slug":"une-bonne-rentree-scolaire-a-tous-et-a-toutes","status":"publish","type":"post","link":"https:\/\/www.kelmis.be\/fr\/depuis-la-maison-communale\/une-bonne-rentree-scolaire-a-tous-et-a-toutes","title":{"rendered":"Une bonne rentr\u00e9e scolaire \u00e0 tous et \u00e0 toutes"},"content":{"rendered":"<p>Souhaitons \u00e0 Lisa, Sophie (photo), Louise (galerie photo), Noah (galerie) et \u00e0 tous les enfants, ainsi qu&rsquo;\u00e0 leurs familles et au personnel scolaire de notre commune, une bonne rentr\u00e9e et une ann\u00e9e scolaire 2025-2026 r\u00e9ussie.<\/p>\n","protected":false},"excerpt":{"rendered":"Souhaitons \u00e0 Lisa, Sophie (photo), Louise (galerie photo), Noah (galerie) et \u00e0 tous les enfants, ainsi qu&rsquo;\u00e0 leurs familles et au personnel scolaire de notre commune, une bonne rentr\u00e9e et une ann\u00e9e scolaire 2025-2026 r\u00e9ussie.","protected":false},"author":2,"featured_media":17010,"comment_status":"closed","ping_status":"closed","sticky":false,"template":"","format":"standard","meta":{"_acf_changed":false,"footnotes":""},"categories":[71],"tags":[],"class_list":["post-17009","post","type-post","status-publish","format-standard","has-post-thumbnail","hentry","category-depuis-la-maison-communale"],"acf":[],"_links":{"self":[{"href":"https:\/\/www.kelmis.be\/fr\/wp-json\/wp\/v2\/posts\/17009","targetHints":{"allow":["GET"]}}],"collection":[{"href":"https:\/\/www.kelmis.be\/fr\/wp-json\/wp\/v2\/posts"}],"about":[{"href":"https:\/\/www.kelmis.be\/fr\/wp-json\/wp\/v2\/types\/post"}],"author":[{"embeddable":true,"href":"https:\/\/www.kelmis.be\/fr\/wp-json\/wp\/v2\/users\/2"}],"replies":[{"embeddable":true,"href":"https:\/\/www.kelmis.be\/fr\/wp-json\/wp\/v2\/comments?post=17009"}],"version-history":[{"count":1,"href":"https:\/\/www.kelmis.be\/fr\/wp-json\/wp\/v2\/posts\/17009\/revisions"}],"predecessor-version":[{"id":17013,"href":"https:\/\/www.kelmis.be\/fr\/wp-json\/wp\/v2\/posts\/17009\/revisions\/17013"}],"wp:featuredmedia":[{"embeddable":true,"href":"https:\/\/www.kelmis.be\/fr\/wp-json\/wp\/v2\/media\/17010"}],"wp:attachment":[{"href":"https:\/\/www.kelmis.be\/fr\/wp-json\/wp\/v2\/media?parent=17009"}],"wp:term":[{"taxonomy":"category","embeddable":true,"href":"https:\/\/www.kelmis.be\/fr\/wp-json\/wp\/v2\/categories?post=17009"},{"taxonomy":"post_tag","embeddable":true,"href":"https:\/\/www.kelmis.be\/fr\/wp-json\/wp\/v2\/tags?post=17009"}],"curies":[{"name":"wp","href":"https:\/\/api.w.org\/{rel}","templated":true}]}}