{"id":17000,"date":"2025-08-31T13:32:12","date_gmt":"2025-08-31T11:32:12","guid":{"rendered":"https:\/\/www.kelmis.be\/?p=17000"},"modified":"2025-08-31T13:33:23","modified_gmt":"2025-08-31T11:33:23","slug":"reouverture-de-la-piscine-communale-ce-lundi-1er-septembre","status":"publish","type":"post","link":"https:\/\/www.kelmis.be\/fr\/depuis-la-maison-communale\/reouverture-de-la-piscine-communale-ce-lundi-1er-septembre","title":{"rendered":"R\u00e9ouverture de la piscine communale ce lundi, 1er septembre"},"content":{"rendered":"<p>C&rsquo;est un grand jour pour tous les amateurs de natation de notre commune et au-del\u00e0 : lundi matin \u00e0 7 heures, la piscine communale rouvrira ses portes. Le nouvel exploitant est la soci\u00e9t\u00e9 wallonne Promosport, qui g\u00e8re 13 piscines dans la partie francophone du pays.<\/p>\n<p>La piscine sera ouverte au public la semaine prochaine (du lundi au vendredi). Information importante pour les d\u00e9tenteurs d&rsquo;anciens abonnements : ceux-ci peuvent \u00eatre \u00e9chang\u00e9s gratuitement contre de nouveaux abonnements \u00e0 la caisse.<\/p>\n<p>Deux journ\u00e9es portes ouvertes sont pr\u00e9vues le week-end des 6 et 7 septembre. La piscine sera alors accessible gratuitement \u00e0 tous et \u00e0 toutes. Le nouvel exploitant pr\u00e9sentera alors son offre de natation au grand public. Devant le b\u00e2timent, un ch\u00e2teau gonflable et des food trucks cr\u00e9eront une ambiance festive.<\/p>\n<p>Les \u00e9coles sont attendues \u00e0 la piscine \u00e0 partir du 13 septembre.<\/p>\n<p>Les cours de natation commencent eux \u00e0 partir de la semaine du 8 septembre.<\/p>\n<p>Vous trouverez toutes les informations sur les horaires d&rsquo;ouverture et les tarifs sur le <strong><a href=\"https:\/\/www.galmeibad.be\/fr\/piscine-galmei-la-calamine-2\/\">site web de la piscine<\/a><\/strong>.<\/p>\n","protected":false},"excerpt":{"rendered":"C&rsquo;est un grand jour pour tous les amateurs de natation de notre commune et au-del\u00e0 : lundi matin \u00e0 7 heures, la piscine communale rouvrira ses portes. Le nouvel exploitant est la soci\u00e9t\u00e9 wallonne Promosport, qui g\u00e8re 13 piscines dans la partie francophone du pays. La piscine sera ouverte au public la semaine prochaine (du [&hellip;]","protected":false},"author":2,"featured_media":17001,"comment_status":"closed","ping_status":"closed","sticky":false,"template":"","format":"standard","meta":{"_acf_changed":false,"footnotes":""},"categories":[71],"tags":[],"class_list":["post-17000","post","type-post","status-publish","format-standard","has-post-thumbnail","hentry","category-depuis-la-maison-communale"],"acf":[],"_links":{"self":[{"href":"https:\/\/www.kelmis.be\/fr\/wp-json\/wp\/v2\/posts\/17000","targetHints":{"allow":["GET"]}}],"collection":[{"href":"https:\/\/www.kelmis.be\/fr\/wp-json\/wp\/v2\/posts"}],"about":[{"href":"https:\/\/www.kelmis.be\/fr\/wp-json\/wp\/v2\/types\/post"}],"author":[{"embeddable":true,"href":"https:\/\/www.kelmis.be\/fr\/wp-json\/wp\/v2\/users\/2"}],"replies":[{"embeddable":true,"href":"https:\/\/www.kelmis.be\/fr\/wp-json\/wp\/v2\/comments?post=17000"}],"version-history":[{"count":2,"href":"https:\/\/www.kelmis.be\/fr\/wp-json\/wp\/v2\/posts\/17000\/revisions"}],"predecessor-version":[{"id":17003,"href":"https:\/\/www.kelmis.be\/fr\/wp-json\/wp\/v2\/posts\/17000\/revisions\/17003"}],"wp:featuredmedia":[{"embeddable":true,"href":"https:\/\/www.kelmis.be\/fr\/wp-json\/wp\/v2\/media\/17001"}],"wp:attachment":[{"href":"https:\/\/www.kelmis.be\/fr\/wp-json\/wp\/v2\/media?parent=17000"}],"wp:term":[{"taxonomy":"category","embeddable":true,"href":"https:\/\/www.kelmis.be\/fr\/wp-json\/wp\/v2\/categories?post=17000"},{"taxonomy":"post_tag","embeddable":true,"href":"https:\/\/www.kelmis.be\/fr\/wp-json\/wp\/v2\/tags?post=17000"}],"curies":[{"name":"wp","href":"https:\/\/api.w.org\/{rel}","templated":true}]}}