{"id":16946,"date":"2025-08-14T12:11:58","date_gmt":"2025-08-14T10:11:58","guid":{"rendered":"https:\/\/www.kelmis.be\/?p=16946"},"modified":"2025-08-14T12:12:20","modified_gmt":"2025-08-14T10:12:20","slug":"assomption-nos-services-sont-fermes-le-15-aout","status":"publish","type":"post","link":"https:\/\/www.kelmis.be\/fr\/depuis-la-maison-communale\/assomption-nos-services-sont-fermes-le-15-aout","title":{"rendered":"Assomption : nos services sont ferm\u00e9s le 15 ao\u00fbt"},"content":{"rendered":"<p>Le vendredi 15 ao\u00fbt, la Belgique c\u00e9l\u00e8bre la f\u00eate de l&rsquo;Assomption. Nos services seront ferm\u00e9s ce jour-l\u00e0. Nous serons de nouveau \u00e0 votre disposition le lundi 18 ao\u00fbt.<\/p>\n","protected":false},"excerpt":{"rendered":"Le vendredi 15 ao\u00fbt, la Belgique c\u00e9l\u00e8bre la f\u00eate de l&rsquo;Assomption. Nos services seront ferm\u00e9s ce jour-l\u00e0. Nous serons de nouveau \u00e0 votre disposition le lundi 18 ao\u00fbt.","protected":false},"author":2,"featured_media":16475,"comment_status":"closed","ping_status":"closed","sticky":false,"template":"","format":"standard","meta":{"_acf_changed":false,"footnotes":""},"categories":[71],"tags":[],"class_list":["post-16946","post","type-post","status-publish","format-standard","has-post-thumbnail","hentry","category-depuis-la-maison-communale"],"acf":[],"_links":{"self":[{"href":"https:\/\/www.kelmis.be\/fr\/wp-json\/wp\/v2\/posts\/16946","targetHints":{"allow":["GET"]}}],"collection":[{"href":"https:\/\/www.kelmis.be\/fr\/wp-json\/wp\/v2\/posts"}],"about":[{"href":"https:\/\/www.kelmis.be\/fr\/wp-json\/wp\/v2\/types\/post"}],"author":[{"embeddable":true,"href":"https:\/\/www.kelmis.be\/fr\/wp-json\/wp\/v2\/users\/2"}],"replies":[{"embeddable":true,"href":"https:\/\/www.kelmis.be\/fr\/wp-json\/wp\/v2\/comments?post=16946"}],"version-history":[{"count":1,"href":"https:\/\/www.kelmis.be\/fr\/wp-json\/wp\/v2\/posts\/16946\/revisions"}],"predecessor-version":[{"id":16947,"href":"https:\/\/www.kelmis.be\/fr\/wp-json\/wp\/v2\/posts\/16946\/revisions\/16947"}],"wp:featuredmedia":[{"embeddable":true,"href":"https:\/\/www.kelmis.be\/fr\/wp-json\/wp\/v2\/media\/16475"}],"wp:attachment":[{"href":"https:\/\/www.kelmis.be\/fr\/wp-json\/wp\/v2\/media?parent=16946"}],"wp:term":[{"taxonomy":"category","embeddable":true,"href":"https:\/\/www.kelmis.be\/fr\/wp-json\/wp\/v2\/categories?post=16946"},{"taxonomy":"post_tag","embeddable":true,"href":"https:\/\/www.kelmis.be\/fr\/wp-json\/wp\/v2\/tags?post=16946"}],"curies":[{"name":"wp","href":"https:\/\/api.w.org\/{rel}","templated":true}]}}