{"id":16941,"date":"2025-08-14T10:34:00","date_gmt":"2025-08-14T08:34:00","guid":{"rendered":"https:\/\/www.kelmis.be\/?p=16941"},"modified":"2025-08-14T10:34:00","modified_gmt":"2025-08-14T08:34:00","slug":"battle-communale-de-la-brf-a-la-chapelle-saint-roch-le-22-aout-soutenez-notre-commune","status":"publish","type":"post","link":"https:\/\/www.kelmis.be\/fr\/evenement\/battle-communale-de-la-brf-a-la-chapelle-saint-roch-le-22-aout-soutenez-notre-commune","title":{"rendered":"\u00ab Battle \u00bb communale de la BRF \u00e0 la chapelle Saint-Roch le 22 ao\u00fbt : soutenez notre commune !"},"content":{"rendered":"<p>Le vendredi 22 ao\u00fbt, la radio publique germanophone BRF sera l&rsquo;invit\u00e9e de notre commune : pendant les mois d&rsquo;\u00e9t\u00e9, la radio organise tous les vendredis (\u00e0 l&rsquo;exception du 14 ao\u00fbt) une \u00abbattle\u00bb entre communes dans le cadre de l&rsquo;\u00e9mission \u00ab BRF1 am Morgen \u00bb. Le 22 ao\u00fbt, notre commune affrontera Lontzen. Notre commune, c&rsquo;est chaque citoyen, chaque citoyenne. La \u00ab bataille \u00bb se d\u00e9roulera \u00e0 la chapelle Saint-Roch. Toute personne qui s&rsquo;y rendra entre 7h30 et 10h rapportera un point \u00e0 la commune. Des points bonus seront attribu\u00e9s si vous parvenez \u00e0 lancer le \u00ab canard anniversaire \u00bb de la BRF dans un seau. Chaque participant\/participante peut obtenir au maximum sept points pour la commune. La commune qui aura obtenu le plus de points remportera le duel communal.<\/p>\n<p>Deux bons Boncado seront \u00e9galement tir\u00e9s au sort parmi les participants\/participantes de la commune gagnante.<br \/>\nLa commune qui aura obtenu le plus de points \u00e0 la fin de l&rsquo;\u00e9t\u00e9 sera la grande gagnante de la \u00ab bataille communale \u00bb. Un week-end au ch\u00e2teau d&rsquo;eau de B\u00fctgenbach sera tir\u00e9 au sort parmi tous les participants\/participantes de cette commune.<br \/>\nAlors, rendez-vous le 22 ao\u00fbt \u00e0 la chapelle Saint-Roch et venez soutenir notre commune dans la bataille communale.<\/p>\n<p>&nbsp;<\/p>\n","protected":false},"excerpt":{"rendered":"Le vendredi 22 ao\u00fbt, la radio publique germanophone BRF sera l&rsquo;invit\u00e9e de notre commune : pendant les mois d&rsquo;\u00e9t\u00e9, la radio organise tous les vendredis (\u00e0 l&rsquo;exception du 14 ao\u00fbt) une \u00abbattle\u00bb entre communes dans le cadre de l&rsquo;\u00e9mission \u00ab BRF1 am Morgen \u00bb. Le 22 ao\u00fbt, notre commune affrontera Lontzen. Notre commune, c&rsquo;est chaque [&hellip;]","protected":false},"author":2,"featured_media":16942,"comment_status":"closed","ping_status":"closed","sticky":false,"template":"","format":"standard","meta":{"_acf_changed":false,"footnotes":""},"categories":[73],"tags":[],"class_list":["post-16941","post","type-post","status-publish","format-standard","has-post-thumbnail","hentry","category-evenement"],"acf":[],"_links":{"self":[{"href":"https:\/\/www.kelmis.be\/fr\/wp-json\/wp\/v2\/posts\/16941","targetHints":{"allow":["GET"]}}],"collection":[{"href":"https:\/\/www.kelmis.be\/fr\/wp-json\/wp\/v2\/posts"}],"about":[{"href":"https:\/\/www.kelmis.be\/fr\/wp-json\/wp\/v2\/types\/post"}],"author":[{"embeddable":true,"href":"https:\/\/www.kelmis.be\/fr\/wp-json\/wp\/v2\/users\/2"}],"replies":[{"embeddable":true,"href":"https:\/\/www.kelmis.be\/fr\/wp-json\/wp\/v2\/comments?post=16941"}],"version-history":[{"count":1,"href":"https:\/\/www.kelmis.be\/fr\/wp-json\/wp\/v2\/posts\/16941\/revisions"}],"predecessor-version":[{"id":16943,"href":"https:\/\/www.kelmis.be\/fr\/wp-json\/wp\/v2\/posts\/16941\/revisions\/16943"}],"wp:featuredmedia":[{"embeddable":true,"href":"https:\/\/www.kelmis.be\/fr\/wp-json\/wp\/v2\/media\/16942"}],"wp:attachment":[{"href":"https:\/\/www.kelmis.be\/fr\/wp-json\/wp\/v2\/media?parent=16941"}],"wp:term":[{"taxonomy":"category","embeddable":true,"href":"https:\/\/www.kelmis.be\/fr\/wp-json\/wp\/v2\/categories?post=16941"},{"taxonomy":"post_tag","embeddable":true,"href":"https:\/\/www.kelmis.be\/fr\/wp-json\/wp\/v2\/tags?post=16941"}],"curies":[{"name":"wp","href":"https:\/\/api.w.org\/{rel}","templated":true}]}}