{"id":16935,"date":"2025-08-12T19:30:40","date_gmt":"2025-08-12T17:30:40","guid":{"rendered":"https:\/\/www.kelmis.be\/?p=16935"},"modified":"2025-08-12T19:30:40","modified_gmt":"2025-08-12T17:30:40","slug":"formation-en-alternance-au-sein-de-notre-administration-communale","status":"publish","type":"post","link":"https:\/\/www.kelmis.be\/fr\/offres-demploi\/formation-en-alternance-au-sein-de-notre-administration-communale","title":{"rendered":"Formation en alternance au sein de notre administration communale"},"content":{"rendered":"<p>Fais carri\u00e8re dans notre administration communale et opte pour une formation en alternance ! Les candidatures \u00e9crites accompagn\u00e9es d&rsquo;un CV, d&rsquo;une lettre de motivation et des dipl\u00f4mes peuvent \u00eatre envoy\u00e9es jusqu&rsquo;au 29 ao\u00fbt 2025 par e-mail (jobs@kelmis.be), par courrier postal ou remises au service du personnel (contre accus\u00e9 de r\u00e9ception) au coll\u00e8ge communal de la commune de La Calamine, rue de l\u2019\u00c9glise 31, 4720 La Calamine. Pour plus d&rsquo;informations, tu peux contacter le service du personnel au \uf028 087\/63 9842.<\/p>\n<p>Tu trouves toutes les infos dans la zone de t\u00e9l\u00e9chargement.<br \/>\nNous attendons ta candidature avec impatience !<\/p>\n<p>&nbsp;<\/p>\n","protected":false},"excerpt":{"rendered":"Fais carri\u00e8re dans notre administration communale et opte pour une formation en alternance ! Les candidatures \u00e9crites accompagn\u00e9es d&rsquo;un CV, d&rsquo;une lettre de motivation et des dipl\u00f4mes peuvent \u00eatre envoy\u00e9es jusqu&rsquo;au 29 ao\u00fbt 2025 par e-mail (jobs@kelmis.be), par courrier postal ou remises au service du personnel (contre accus\u00e9 de r\u00e9ception) au coll\u00e8ge communal de la [&hellip;]","protected":false},"author":2,"featured_media":16936,"comment_status":"closed","ping_status":"closed","sticky":false,"template":"","format":"standard","meta":{"_acf_changed":false,"footnotes":""},"categories":[72],"tags":[],"class_list":["post-16935","post","type-post","status-publish","format-standard","has-post-thumbnail","hentry","category-offres-demploi"],"acf":[],"_links":{"self":[{"href":"https:\/\/www.kelmis.be\/fr\/wp-json\/wp\/v2\/posts\/16935","targetHints":{"allow":["GET"]}}],"collection":[{"href":"https:\/\/www.kelmis.be\/fr\/wp-json\/wp\/v2\/posts"}],"about":[{"href":"https:\/\/www.kelmis.be\/fr\/wp-json\/wp\/v2\/types\/post"}],"author":[{"embeddable":true,"href":"https:\/\/www.kelmis.be\/fr\/wp-json\/wp\/v2\/users\/2"}],"replies":[{"embeddable":true,"href":"https:\/\/www.kelmis.be\/fr\/wp-json\/wp\/v2\/comments?post=16935"}],"version-history":[{"count":1,"href":"https:\/\/www.kelmis.be\/fr\/wp-json\/wp\/v2\/posts\/16935\/revisions"}],"predecessor-version":[{"id":16937,"href":"https:\/\/www.kelmis.be\/fr\/wp-json\/wp\/v2\/posts\/16935\/revisions\/16937"}],"wp:featuredmedia":[{"embeddable":true,"href":"https:\/\/www.kelmis.be\/fr\/wp-json\/wp\/v2\/media\/16936"}],"wp:attachment":[{"href":"https:\/\/www.kelmis.be\/fr\/wp-json\/wp\/v2\/media?parent=16935"}],"wp:term":[{"taxonomy":"category","embeddable":true,"href":"https:\/\/www.kelmis.be\/fr\/wp-json\/wp\/v2\/categories?post=16935"},{"taxonomy":"post_tag","embeddable":true,"href":"https:\/\/www.kelmis.be\/fr\/wp-json\/wp\/v2\/tags?post=16935"}],"curies":[{"name":"wp","href":"https:\/\/api.w.org\/{rel}","templated":true}]}}