{"id":16927,"date":"2025-08-07T14:45:36","date_gmt":"2025-08-07T12:45:36","guid":{"rendered":"https:\/\/www.kelmis.be\/?p=16927"},"modified":"2025-08-07T14:45:36","modified_gmt":"2025-08-07T12:45:36","slug":"avis-de-fermeture-de-la-rue-dastenet-a-hergenrath","status":"publish","type":"post","link":"https:\/\/www.kelmis.be\/fr\/circulation\/avis-de-fermeture-de-la-rue-dastenet-a-hergenrath","title":{"rendered":"Avis de fermeture de la rue d&rsquo;Astenet \u00e0 Hergenrath"},"content":{"rendered":"<p>La rue d&rsquo;Astenet \u00e0 Hergenrath sera ferm\u00e9e \u00e0 la circulation en raison de travaux aux dates suivantes :<\/p>\n<p>Vendredi 8 ao\u00fbt 2025 de 07h00 \u00e0 18h00<br \/>\nDu lundi 11 ao\u00fbt 2025 \u00e0 partir de 06h00 jusqu\u2019au jeudi 14 ao\u00fbt 2025 \u00e0 08h00<br \/>\nLa rue sera accessible pendant le week-end (les 9 et 10 ao\u00fbt 2025).<\/p>\n<p>Nous remercions les riverains et les usagers de la route pour leur compr\u00e9hension et recommandons d\u2019\u00e9viter la zone pendant les p\u00e9riodes de fermeture.<\/p>\n<p>Merci pour votre coop\u00e9ration !<\/p>\n","protected":false},"excerpt":{"rendered":"La rue d&rsquo;Astenet \u00e0 Hergenrath sera ferm\u00e9e \u00e0 la circulation en raison de travaux aux dates suivantes : Vendredi 8 ao\u00fbt 2025 de 07h00 \u00e0 18h00 Du lundi 11 ao\u00fbt 2025 \u00e0 partir de 06h00 jusqu\u2019au jeudi 14 ao\u00fbt 2025 \u00e0 08h00 La rue sera accessible pendant le week-end (les 9 et 10 ao\u00fbt 2025). [&hellip;]","protected":false},"author":6,"featured_media":9094,"comment_status":"closed","ping_status":"closed","sticky":false,"template":"","format":"standard","meta":{"_acf_changed":false,"footnotes":""},"categories":[74],"tags":[],"class_list":["post-16927","post","type-post","status-publish","format-standard","has-post-thumbnail","hentry","category-circulation"],"acf":[],"_links":{"self":[{"href":"https:\/\/www.kelmis.be\/fr\/wp-json\/wp\/v2\/posts\/16927","targetHints":{"allow":["GET"]}}],"collection":[{"href":"https:\/\/www.kelmis.be\/fr\/wp-json\/wp\/v2\/posts"}],"about":[{"href":"https:\/\/www.kelmis.be\/fr\/wp-json\/wp\/v2\/types\/post"}],"author":[{"embeddable":true,"href":"https:\/\/www.kelmis.be\/fr\/wp-json\/wp\/v2\/users\/6"}],"replies":[{"embeddable":true,"href":"https:\/\/www.kelmis.be\/fr\/wp-json\/wp\/v2\/comments?post=16927"}],"version-history":[{"count":1,"href":"https:\/\/www.kelmis.be\/fr\/wp-json\/wp\/v2\/posts\/16927\/revisions"}],"predecessor-version":[{"id":16928,"href":"https:\/\/www.kelmis.be\/fr\/wp-json\/wp\/v2\/posts\/16927\/revisions\/16928"}],"wp:featuredmedia":[{"embeddable":true,"href":"https:\/\/www.kelmis.be\/fr\/wp-json\/wp\/v2\/media\/9094"}],"wp:attachment":[{"href":"https:\/\/www.kelmis.be\/fr\/wp-json\/wp\/v2\/media?parent=16927"}],"wp:term":[{"taxonomy":"category","embeddable":true,"href":"https:\/\/www.kelmis.be\/fr\/wp-json\/wp\/v2\/categories?post=16927"},{"taxonomy":"post_tag","embeddable":true,"href":"https:\/\/www.kelmis.be\/fr\/wp-json\/wp\/v2\/tags?post=16927"}],"curies":[{"name":"wp","href":"https:\/\/api.w.org\/{rel}","templated":true}]}}