{"id":16915,"date":"2025-08-05T09:44:15","date_gmt":"2025-08-05T07:44:15","guid":{"rendered":"https:\/\/www.kelmis.be\/?p=16915"},"modified":"2025-08-07T13:52:41","modified_gmt":"2025-08-07T11:52:41","slug":"avis-de-fermeture-partielle-de-la-rue-de-leglise","status":"publish","type":"post","link":"https:\/\/www.kelmis.be\/fr\/circulation\/avis-de-fermeture-partielle-de-la-rue-de-leglise","title":{"rendered":"Avis de fermeture partielle de la rue de l&rsquo;\u00c9glise"},"content":{"rendered":"<p>Du 18 ao\u00fbt 2025 au 31 ao\u00fbt 2025 inclus, une fermeture partielle de la rue de l&rsquo;\u00c9glise sera mise en place.<\/p>\n<p>Cette mesure est n\u00e9cessaire pour permettre des travaux de toiture, impliquant l\u2019installation d\u2019un \u00e9chafaudage partiellement sur la chauss\u00e9e ainsi que l\u2019utilisation d\u2019une grue stationn\u00e9e sur la voie publique.<\/p>\n<p>Un plan de d\u00e9viation est disponible dans l\u2019arr\u00eat\u00e9 de police, t\u00e9l\u00e9chargeable sur ci-dessous.<\/p>\n<p>Nous remercions les riverains et les usagers de la route pour leur compr\u00e9hension et recommandons d\u2019\u00e9viter la zone pendant la dur\u00e9e des travaux.<\/p>\n<p>Merci pour votre coop\u00e9ration !<\/p>\n","protected":false},"excerpt":{"rendered":"Du 18 ao\u00fbt 2025 au 31 ao\u00fbt 2025 inclus, une fermeture partielle de la rue de l&rsquo;\u00c9glise sera mise en place. Cette mesure est n\u00e9cessaire pour permettre des travaux de toiture, impliquant l\u2019installation d\u2019un \u00e9chafaudage partiellement sur la chauss\u00e9e ainsi que l\u2019utilisation d\u2019une grue stationn\u00e9e sur la voie publique. Un plan de d\u00e9viation est disponible [&hellip;]","protected":false},"author":6,"featured_media":15492,"comment_status":"closed","ping_status":"closed","sticky":false,"template":"","format":"standard","meta":{"_acf_changed":false,"footnotes":""},"categories":[74],"tags":[],"class_list":["post-16915","post","type-post","status-publish","format-standard","has-post-thumbnail","hentry","category-circulation"],"acf":[],"_links":{"self":[{"href":"https:\/\/www.kelmis.be\/fr\/wp-json\/wp\/v2\/posts\/16915","targetHints":{"allow":["GET"]}}],"collection":[{"href":"https:\/\/www.kelmis.be\/fr\/wp-json\/wp\/v2\/posts"}],"about":[{"href":"https:\/\/www.kelmis.be\/fr\/wp-json\/wp\/v2\/types\/post"}],"author":[{"embeddable":true,"href":"https:\/\/www.kelmis.be\/fr\/wp-json\/wp\/v2\/users\/6"}],"replies":[{"embeddable":true,"href":"https:\/\/www.kelmis.be\/fr\/wp-json\/wp\/v2\/comments?post=16915"}],"version-history":[{"count":4,"href":"https:\/\/www.kelmis.be\/fr\/wp-json\/wp\/v2\/posts\/16915\/revisions"}],"predecessor-version":[{"id":16922,"href":"https:\/\/www.kelmis.be\/fr\/wp-json\/wp\/v2\/posts\/16915\/revisions\/16922"}],"wp:featuredmedia":[{"embeddable":true,"href":"https:\/\/www.kelmis.be\/fr\/wp-json\/wp\/v2\/media\/15492"}],"wp:attachment":[{"href":"https:\/\/www.kelmis.be\/fr\/wp-json\/wp\/v2\/media?parent=16915"}],"wp:term":[{"taxonomy":"category","embeddable":true,"href":"https:\/\/www.kelmis.be\/fr\/wp-json\/wp\/v2\/categories?post=16915"},{"taxonomy":"post_tag","embeddable":true,"href":"https:\/\/www.kelmis.be\/fr\/wp-json\/wp\/v2\/tags?post=16915"}],"curies":[{"name":"wp","href":"https:\/\/api.w.org\/{rel}","templated":true}]}}