{"id":16907,"date":"2025-07-30T16:11:12","date_gmt":"2025-07-30T14:11:12","guid":{"rendered":"https:\/\/www.kelmis.be\/?p=16907"},"modified":"2025-07-30T16:11:12","modified_gmt":"2025-07-30T14:11:12","slug":"signature-du-contrat-avec-un-nouvel-operateur-promosport-www-promo-sport-be-reprendra-la-gestion-de-la-piscine-galmei-a-partir-du-1er-septembre-2025","status":"publish","type":"post","link":"https:\/\/www.kelmis.be\/fr\/actualite-dans-la-commune\/signature-du-contrat-avec-un-nouvel-operateur-promosport-www-promo-sport-be-reprendra-la-gestion-de-la-piscine-galmei-a-partir-du-1er-septembre-2025","title":{"rendered":"Signature du contrat avec un nouvel op\u00e9rateur : Promosport (www.promo-sport.be) reprendra la gestion de la piscine Galmei \u00e0 partir du 1er septembre 2025"},"content":{"rendered":"<p>L\u2019avenir de la piscine Galmei est assur\u00e9 : ce mercredi matin, l\u2019op\u00e9rateur des piscines Promosport a sign\u00e9 un contrat de gestion avec la R\u00e9gie Communale Autonome GALMEI (RCA). La signature a eu lieu en pr\u00e9sence du Bourgmestre Daniel Hilligsmann, de l\u2019Administrateur d\u00e9l\u00e9gu\u00e9 de la RCA Bj\u00f6rn Klinkenberg, du Directeur administratif de la RCA Patrick Creutz, ainsi que de Denis Detinne, Administrateur de Promosport.<\/p>\n<p>\u00ab Avec Promosport, nous avons trouv\u00e9 un partenaire exp\u00e9riment\u00e9 dans la gestion de piscines. Promosport g\u00e8re actuellement 13 piscines en Wallonie. Nous sommes ravis que cet op\u00e9rateur contribue \u00e0 enrichir l\u2019offre sportive et de loisirs de notre commune \u00bb, a d\u00e9clar\u00e9 Bj\u00f6rn Klinkenberg lors de la signature.<\/p>\n<p>Le Bourgmestre Daniel Hilligsmann a lui aussi soulign\u00e9 l\u2019importance de la piscine Galmei pour la commune : \u00ab Une piscine est un service essentiel dont b\u00e9n\u00e9ficient de nombreux citoyens de La Calamine et des environs. Nous l\u2019avons toujours affirm\u00e9. Pour pouvoir maintenir l\u2019exploitation du bassin malgr\u00e9 les mesures d\u2019\u00e9conomie n\u00e9cessaires, nous devons envisager de nouvelles solutions. Un travail intensif a \u00e9t\u00e9 men\u00e9 en ce sens ces six derniers mois. Aujourd\u2019hui, nous sommes tr\u00e8s reconnaissants d\u2019avoir trouv\u00e9, comme c\u2019est le cas pour de nombreuses autres piscines, un op\u00e9rateur priv\u00e9 pour la piscine Galmei. Je remercie toutes les personnes impliqu\u00e9es pour leurs efforts. \u00bb<\/p>\n<p>La reprise d\u2019exploitation par Promosport interviendra \u00e0 partir du 1er septembre 2025. Les tarifs d\u2019entr\u00e9e continueront de suivre le r\u00e8glement de redevances en vigueur. De plus, tous les collaborateurs de la RCA Galmeibad se verront offrir la possibilit\u00e9 de signer un nouveau contrat de travail avec le nouvel op\u00e9rateur.<\/p>\n<p>\u00ab C\u2019est un signal fort pour la population : l\u2019offre actuelle sera maintenue et m\u00eame \u00e9largie dans les mois \u00e0 venir. En plus de la baignade publique et de la natation scolaire, des cours collectifs et individuels de natation seront propos\u00e9s, ainsi que des activit\u00e9s d\u2019Aquafitness telles que l\u2019Aquagym ou l\u2019Aquabike. Cela profitera particuli\u00e8rement aux familles de La Calamine \u00bb, a soulign\u00e9 Bj\u00f6rn Klinkenberg.<\/p>\n<p>La date exacte de r\u00e9ouverture sera communiqu\u00e9e \u00e0 l\u2019issue d\u2019une visite technique pr\u00e9vue \u00e0 la mi-ao\u00fbt avec les pompiers et l\u2019organe de contr\u00f4le comp\u00e9tente de Namur.<\/p>\n","protected":false},"excerpt":{"rendered":"L\u2019avenir de la piscine Galmei est assur\u00e9 : ce mercredi matin, l\u2019op\u00e9rateur des piscines Promosport a sign\u00e9 un contrat de gestion avec la R\u00e9gie Communale Autonome GALMEI (RCA). La signature a eu lieu en pr\u00e9sence du Bourgmestre Daniel Hilligsmann, de l\u2019Administrateur d\u00e9l\u00e9gu\u00e9 de la RCA Bj\u00f6rn Klinkenberg, du Directeur administratif de la RCA Patrick Creutz, [&hellip;]","protected":false},"author":6,"featured_media":16908,"comment_status":"closed","ping_status":"closed","sticky":false,"template":"","format":"standard","meta":{"_acf_changed":false,"footnotes":""},"categories":[70],"tags":[],"class_list":["post-16907","post","type-post","status-publish","format-standard","has-post-thumbnail","hentry","category-actualite-dans-la-commune"],"acf":[],"_links":{"self":[{"href":"https:\/\/www.kelmis.be\/fr\/wp-json\/wp\/v2\/posts\/16907","targetHints":{"allow":["GET"]}}],"collection":[{"href":"https:\/\/www.kelmis.be\/fr\/wp-json\/wp\/v2\/posts"}],"about":[{"href":"https:\/\/www.kelmis.be\/fr\/wp-json\/wp\/v2\/types\/post"}],"author":[{"embeddable":true,"href":"https:\/\/www.kelmis.be\/fr\/wp-json\/wp\/v2\/users\/6"}],"replies":[{"embeddable":true,"href":"https:\/\/www.kelmis.be\/fr\/wp-json\/wp\/v2\/comments?post=16907"}],"version-history":[{"count":1,"href":"https:\/\/www.kelmis.be\/fr\/wp-json\/wp\/v2\/posts\/16907\/revisions"}],"predecessor-version":[{"id":16909,"href":"https:\/\/www.kelmis.be\/fr\/wp-json\/wp\/v2\/posts\/16907\/revisions\/16909"}],"wp:featuredmedia":[{"embeddable":true,"href":"https:\/\/www.kelmis.be\/fr\/wp-json\/wp\/v2\/media\/16908"}],"wp:attachment":[{"href":"https:\/\/www.kelmis.be\/fr\/wp-json\/wp\/v2\/media?parent=16907"}],"wp:term":[{"taxonomy":"category","embeddable":true,"href":"https:\/\/www.kelmis.be\/fr\/wp-json\/wp\/v2\/categories?post=16907"},{"taxonomy":"post_tag","embeddable":true,"href":"https:\/\/www.kelmis.be\/fr\/wp-json\/wp\/v2\/tags?post=16907"}],"curies":[{"name":"wp","href":"https:\/\/api.w.org\/{rel}","templated":true}]}}