{"id":16897,"date":"2025-07-25T17:31:25","date_gmt":"2025-07-25T15:31:25","guid":{"rendered":"https:\/\/www.kelmis.be\/?p=16897"},"modified":"2025-07-25T17:48:42","modified_gmt":"2025-07-25T15:48:42","slug":"park-hotel-ferme-pour-une-duree-indeterminee","status":"publish","type":"post","link":"https:\/\/www.kelmis.be\/fr\/actualite-dans-la-commune\/park-hotel-ferme-pour-une-duree-indeterminee","title":{"rendered":"Fermeture ordonn\u00e9e du Park H\u00f4tel &#8211; AGR pr\u00e9voit une r\u00e9orientation"},"content":{"rendered":"<p>Lors de sa r\u00e9union du 24 juillet 2025, le conseil d&rsquo;administration de la R\u00e9gie communale autonome (AGR) Galmei a d\u00e9cid\u00e9 \u00e0 l&rsquo;unanimit\u00e9 de suspendre pour une dur\u00e9e ind\u00e9termin\u00e9e l&rsquo;exploitation du Park H\u00f4tel \u00e0 La Calamine \u00e0 compter du 1er ao\u00fbt 2025. Cette d\u00e9cision est motiv\u00e9e par l&rsquo;\u00e9volution actuelle des effectifs, qui ne permet plus d&rsquo;assurer un fonctionnement r\u00e9gulier et fiable pour le moment.<\/p>\n<p>\u00ab Nous voulons \u00e9viter que les clients, en particulier les familles avec enfants, se retrouvent soudainement devant des portes closes lors de leur arriv\u00e9e ou de leur s\u00e9jour \u00bb, explique Bj\u00f6rn Klinkenberg, administrateur d\u00e9l\u00e9gu\u00e9 de l&rsquo;AGR. C&rsquo;est pourquoi la d\u00e9cision d&rsquo;une fermeture ordonn\u00e9e a \u00e9t\u00e9 prise.<\/p>\n<p>Malgr\u00e9 les circonstances difficiles, l&rsquo;AGR envisage les mois \u00e0 venir avec optimisme : lors des prochaines r\u00e9unions du conseil d&rsquo;administration, la r\u00e9orientation \u00e0 moyen terme du complexe h\u00f4telier sera discut\u00e9e avec tous les groupes politiques. L&rsquo;objectif est de d\u00e9velopper des solutions durables et viables pour une utilisation future.<\/p>\n<p>\u00ab Je remercie express\u00e9ment tous les groupes politiques pour leur attitude constructive et responsable dans cette question difficile \u00bb, poursuit M. Klinkenberg. \u00ab Cette d\u00e9cision n&rsquo;a pas \u00e9t\u00e9 facile \u00e0 prendre, mais elle est n\u00e9cessaire pour cr\u00e9er une perspective \u00e0 long terme de haute qualit\u00e9 et tourn\u00e9e vers l&rsquo;avenir pour le Park H\u00f4tel et La Calamine. \u00bb<\/p>\n","protected":false},"excerpt":{"rendered":"Lors de sa r\u00e9union du 24 juillet 2025, le conseil d&rsquo;administration de la R\u00e9gie communale autonome (AGR) Galmei a d\u00e9cid\u00e9 \u00e0 l&rsquo;unanimit\u00e9 de suspendre pour une dur\u00e9e ind\u00e9termin\u00e9e l&rsquo;exploitation du Park H\u00f4tel \u00e0 La Calamine \u00e0 compter du 1er ao\u00fbt 2025. Cette d\u00e9cision est motiv\u00e9e par l&rsquo;\u00e9volution actuelle des effectifs, qui ne permet plus d&rsquo;assurer [&hellip;]","protected":false},"author":2,"featured_media":16898,"comment_status":"closed","ping_status":"closed","sticky":false,"template":"","format":"standard","meta":{"_acf_changed":false,"footnotes":""},"categories":[70],"tags":[],"class_list":["post-16897","post","type-post","status-publish","format-standard","has-post-thumbnail","hentry","category-actualite-dans-la-commune"],"acf":[],"_links":{"self":[{"href":"https:\/\/www.kelmis.be\/fr\/wp-json\/wp\/v2\/posts\/16897","targetHints":{"allow":["GET"]}}],"collection":[{"href":"https:\/\/www.kelmis.be\/fr\/wp-json\/wp\/v2\/posts"}],"about":[{"href":"https:\/\/www.kelmis.be\/fr\/wp-json\/wp\/v2\/types\/post"}],"author":[{"embeddable":true,"href":"https:\/\/www.kelmis.be\/fr\/wp-json\/wp\/v2\/users\/2"}],"replies":[{"embeddable":true,"href":"https:\/\/www.kelmis.be\/fr\/wp-json\/wp\/v2\/comments?post=16897"}],"version-history":[{"count":3,"href":"https:\/\/www.kelmis.be\/fr\/wp-json\/wp\/v2\/posts\/16897\/revisions"}],"predecessor-version":[{"id":16902,"href":"https:\/\/www.kelmis.be\/fr\/wp-json\/wp\/v2\/posts\/16897\/revisions\/16902"}],"wp:featuredmedia":[{"embeddable":true,"href":"https:\/\/www.kelmis.be\/fr\/wp-json\/wp\/v2\/media\/16898"}],"wp:attachment":[{"href":"https:\/\/www.kelmis.be\/fr\/wp-json\/wp\/v2\/media?parent=16897"}],"wp:term":[{"taxonomy":"category","embeddable":true,"href":"https:\/\/www.kelmis.be\/fr\/wp-json\/wp\/v2\/categories?post=16897"},{"taxonomy":"post_tag","embeddable":true,"href":"https:\/\/www.kelmis.be\/fr\/wp-json\/wp\/v2\/tags?post=16897"}],"curies":[{"name":"wp","href":"https:\/\/api.w.org\/{rel}","templated":true}]}}