{"id":16882,"date":"2025-07-23T11:41:03","date_gmt":"2025-07-23T09:41:03","guid":{"rendered":"https:\/\/www.kelmis.be\/?p=16882"},"modified":"2025-07-23T11:52:57","modified_gmt":"2025-07-23T09:52:57","slug":"kermesse-a-hergenrath-du-25-au-28-juillet-nouvelles-regles-de-circulation","status":"publish","type":"post","link":"https:\/\/www.kelmis.be\/fr\/evenement\/kermesse-a-hergenrath-du-25-au-28-juillet-nouvelles-regles-de-circulation","title":{"rendered":"Kermesse \u00e0 Hergenrath du 25 au 28 juillet: nouvelles r\u00e8gles de circulation"},"content":{"rendered":"<p>Du 25 au 28 juillet, la kermesse aura lieu \u00e0 Hergenrath. Le chapiteau se trouve dans le Winkelweg, au terrain de football.<\/p>\n<p><strong>Le programme:<\/strong><\/p>\n<p>Vendredi : soir\u00e9e ann\u00e9es 90<br \/>\nSamedi : CoverClub Live<br \/>\nDimanche : soir\u00e9e musique de vari\u00e9t\u00e9 allemande<br \/>\nLundi : soir\u00e9e karaok\u00e9 et tombola<\/p>\n<p>En raison des festivit\u00e9s, plusieurs rues du centre du village seront ferm\u00e9es \u00e0 la circulation, les r\u00e8gles de circulation \u00e0 sens unique seront suspendues et des mesures de mod\u00e9ration du trafic seront mises en place.<\/p>\n<p><strong>Voici un aper\u00e7u :<\/strong><br \/>\ndu 24 juillet 2025 \u00e0 7h30 au 29 juillet 2025 \u00e0 16h00, dans la Winkelstra\u00dfe, en provenance de la rue de la gare, des mesures de mod\u00e9ration du trafic seront mises en place.<br \/>\nDu 25 juillet \u00e0 7h30 au 29 juillet 2025 \u00e0 16h, le tron\u00e7on suivant du Winkelweg deviendra une impasse : entr\u00e9e du Winkelweg jusqu&rsquo;au croisement avec le Kl\u00f6tershofweg.<\/p>\n<p>Du 25 juillet \u00e0 7h30 au 29 juillet \u00e0 16h, la circulation \u00e0 sens unique dans le Kl\u00f6tershofweg sera supprim\u00e9e.<br \/>\nDu 25 juillet \u00e0 7h30 au 29 juillet \u00e0 16h, le croisement Kl\u00f6tershofweg\/Winkelweg sera ferm\u00e9.<\/p>\n<p>&nbsp;<\/p>\n<p>&nbsp;<\/p>\n","protected":false},"excerpt":{"rendered":"Du 25 au 28 juillet, la kermesse aura lieu \u00e0 Hergenrath. Le chapiteau se trouve dans le Winkelweg, au terrain de football. Le programme: Vendredi : soir\u00e9e ann\u00e9es 90 Samedi : CoverClub Live Dimanche : soir\u00e9e musique de vari\u00e9t\u00e9 allemande Lundi : soir\u00e9e karaok\u00e9 et tombola En raison des festivit\u00e9s, plusieurs rues du centre du [&hellip;]","protected":false},"author":2,"featured_media":16884,"comment_status":"closed","ping_status":"closed","sticky":false,"template":"","format":"standard","meta":{"_acf_changed":false,"footnotes":""},"categories":[73],"tags":[],"class_list":["post-16882","post","type-post","status-publish","format-standard","has-post-thumbnail","hentry","category-evenement"],"acf":[],"_links":{"self":[{"href":"https:\/\/www.kelmis.be\/fr\/wp-json\/wp\/v2\/posts\/16882","targetHints":{"allow":["GET"]}}],"collection":[{"href":"https:\/\/www.kelmis.be\/fr\/wp-json\/wp\/v2\/posts"}],"about":[{"href":"https:\/\/www.kelmis.be\/fr\/wp-json\/wp\/v2\/types\/post"}],"author":[{"embeddable":true,"href":"https:\/\/www.kelmis.be\/fr\/wp-json\/wp\/v2\/users\/2"}],"replies":[{"embeddable":true,"href":"https:\/\/www.kelmis.be\/fr\/wp-json\/wp\/v2\/comments?post=16882"}],"version-history":[{"count":2,"href":"https:\/\/www.kelmis.be\/fr\/wp-json\/wp\/v2\/posts\/16882\/revisions"}],"predecessor-version":[{"id":16886,"href":"https:\/\/www.kelmis.be\/fr\/wp-json\/wp\/v2\/posts\/16882\/revisions\/16886"}],"wp:featuredmedia":[{"embeddable":true,"href":"https:\/\/www.kelmis.be\/fr\/wp-json\/wp\/v2\/media\/16884"}],"wp:attachment":[{"href":"https:\/\/www.kelmis.be\/fr\/wp-json\/wp\/v2\/media?parent=16882"}],"wp:term":[{"taxonomy":"category","embeddable":true,"href":"https:\/\/www.kelmis.be\/fr\/wp-json\/wp\/v2\/categories?post=16882"},{"taxonomy":"post_tag","embeddable":true,"href":"https:\/\/www.kelmis.be\/fr\/wp-json\/wp\/v2\/tags?post=16882"}],"curies":[{"name":"wp","href":"https:\/\/api.w.org\/{rel}","templated":true}]}}