{"id":16842,"date":"2025-07-17T17:09:52","date_gmt":"2025-07-17T15:09:52","guid":{"rendered":"https:\/\/www.kelmis.be\/?p=16842"},"modified":"2025-07-17T17:09:52","modified_gmt":"2025-07-17T15:09:52","slug":"fete-nationale-le-21-juillet-te-deum-et-fete-populaire","status":"publish","type":"post","link":"https:\/\/www.kelmis.be\/fr\/evenement\/fete-nationale-le-21-juillet-te-deum-et-fete-populaire","title":{"rendered":"F\u00eate nationale le 21 juillet : Te Deum et f\u00eate populaire"},"content":{"rendered":"<p>Lundi 21 juillet, notre commune c\u00e9l\u00e8bre la f\u00eate nationale.<br \/>\nLe programme commence \u00e0 14h dans l\u2019\u00e9glise paroissiale Notre-Dame de l&rsquo;Assomption avec un Te Deum interculturel et multireligieux, organis\u00e9 en collaboration avec le Conseil pour le vivre ensemble.<br \/>\n\u00c0 partir de 15h, une f\u00eate populaire avec musique live se tiendra devant le Park Caf\u00e9 :<br \/>\nHurricane Two jouera \u00e0 15h, le Cocktail Music Band \u00e0 20h.<br \/>\nL\u2019entr\u00e9e est gratuite.<br \/>\nInvitation chaleureuse \u00e0 toutes et \u00e0 tous !<br \/>\nUn service de raccompagnement sera propos\u00e9 \u00e0 partir de 20h.<\/p>\n","protected":false},"excerpt":{"rendered":"Lundi 21 juillet, notre commune c\u00e9l\u00e8bre la f\u00eate nationale. Le programme commence \u00e0 14h dans l\u2019\u00e9glise paroissiale Notre-Dame de l&rsquo;Assomption avec un Te Deum interculturel et multireligieux, organis\u00e9 en collaboration avec le Conseil pour le vivre ensemble. \u00c0 partir de 15h, une f\u00eate populaire avec musique live se tiendra devant le Park Caf\u00e9 : Hurricane [&hellip;]","protected":false},"author":2,"featured_media":16843,"comment_status":"closed","ping_status":"closed","sticky":false,"template":"","format":"standard","meta":{"_acf_changed":false,"footnotes":""},"categories":[73],"tags":[],"class_list":["post-16842","post","type-post","status-publish","format-standard","has-post-thumbnail","hentry","category-evenement"],"acf":[],"_links":{"self":[{"href":"https:\/\/www.kelmis.be\/fr\/wp-json\/wp\/v2\/posts\/16842","targetHints":{"allow":["GET"]}}],"collection":[{"href":"https:\/\/www.kelmis.be\/fr\/wp-json\/wp\/v2\/posts"}],"about":[{"href":"https:\/\/www.kelmis.be\/fr\/wp-json\/wp\/v2\/types\/post"}],"author":[{"embeddable":true,"href":"https:\/\/www.kelmis.be\/fr\/wp-json\/wp\/v2\/users\/2"}],"replies":[{"embeddable":true,"href":"https:\/\/www.kelmis.be\/fr\/wp-json\/wp\/v2\/comments?post=16842"}],"version-history":[{"count":1,"href":"https:\/\/www.kelmis.be\/fr\/wp-json\/wp\/v2\/posts\/16842\/revisions"}],"predecessor-version":[{"id":16844,"href":"https:\/\/www.kelmis.be\/fr\/wp-json\/wp\/v2\/posts\/16842\/revisions\/16844"}],"wp:featuredmedia":[{"embeddable":true,"href":"https:\/\/www.kelmis.be\/fr\/wp-json\/wp\/v2\/media\/16843"}],"wp:attachment":[{"href":"https:\/\/www.kelmis.be\/fr\/wp-json\/wp\/v2\/media?parent=16842"}],"wp:term":[{"taxonomy":"category","embeddable":true,"href":"https:\/\/www.kelmis.be\/fr\/wp-json\/wp\/v2\/categories?post=16842"},{"taxonomy":"post_tag","embeddable":true,"href":"https:\/\/www.kelmis.be\/fr\/wp-json\/wp\/v2\/tags?post=16842"}],"curies":[{"name":"wp","href":"https:\/\/api.w.org\/{rel}","templated":true}]}}