{"id":16835,"date":"2025-07-16T13:19:20","date_gmt":"2025-07-16T11:19:20","guid":{"rendered":"https:\/\/www.kelmis.be\/?p=16835"},"modified":"2025-07-16T13:19:20","modified_gmt":"2025-07-16T11:19:20","slug":"collecte-des-sacs-bleus-pmc-du-papier-et-du-carton-collecte-a-hergenrath-avancee-du-21-au-19-juillet","status":"publish","type":"post","link":"https:\/\/www.kelmis.be\/fr\/depuis-la-maison-communale\/collecte-des-sacs-bleus-pmc-du-papier-et-du-carton-collecte-a-hergenrath-avancee-du-21-au-19-juillet","title":{"rendered":"Collecte des sacs bleus PMC, du papier et du carton : Collecte \u00e0 Hergenrath avanc\u00e9e du 21 au 19 juillet"},"content":{"rendered":"<p>Rappel important \u00e0 tous les habitants et toutes les habitantes d&rsquo;Hergenrath : La collecte des sacs bleus PMC, du papier et du carton sera avanc\u00e9e au samedi 19 juillet en raison de la f\u00eate nationale du lundi (21 juillet). Les d\u00e9chets doivent \u00eatre d\u00e9pos\u00e9s au bord de la route au plus tard \u00e0 6 heures le jour de la collecte, mais au plus t\u00f4t \u00e0 20 heures la veille.<\/p>\n","protected":false},"excerpt":{"rendered":"Rappel important \u00e0 tous les habitants et toutes les habitantes d&rsquo;Hergenrath : La collecte des sacs bleus PMC, du papier et du carton sera avanc\u00e9e au samedi 19 juillet en raison de la f\u00eate nationale du lundi (21 juillet). Les d\u00e9chets doivent \u00eatre d\u00e9pos\u00e9s au bord de la route au plus tard \u00e0 6 heures [&hellip;]","protected":false},"author":2,"featured_media":16836,"comment_status":"closed","ping_status":"closed","sticky":false,"template":"","format":"standard","meta":{"_acf_changed":false,"footnotes":""},"categories":[71],"tags":[],"class_list":["post-16835","post","type-post","status-publish","format-standard","has-post-thumbnail","hentry","category-depuis-la-maison-communale"],"acf":[],"_links":{"self":[{"href":"https:\/\/www.kelmis.be\/fr\/wp-json\/wp\/v2\/posts\/16835","targetHints":{"allow":["GET"]}}],"collection":[{"href":"https:\/\/www.kelmis.be\/fr\/wp-json\/wp\/v2\/posts"}],"about":[{"href":"https:\/\/www.kelmis.be\/fr\/wp-json\/wp\/v2\/types\/post"}],"author":[{"embeddable":true,"href":"https:\/\/www.kelmis.be\/fr\/wp-json\/wp\/v2\/users\/2"}],"replies":[{"embeddable":true,"href":"https:\/\/www.kelmis.be\/fr\/wp-json\/wp\/v2\/comments?post=16835"}],"version-history":[{"count":1,"href":"https:\/\/www.kelmis.be\/fr\/wp-json\/wp\/v2\/posts\/16835\/revisions"}],"predecessor-version":[{"id":16838,"href":"https:\/\/www.kelmis.be\/fr\/wp-json\/wp\/v2\/posts\/16835\/revisions\/16838"}],"wp:featuredmedia":[{"embeddable":true,"href":"https:\/\/www.kelmis.be\/fr\/wp-json\/wp\/v2\/media\/16836"}],"wp:attachment":[{"href":"https:\/\/www.kelmis.be\/fr\/wp-json\/wp\/v2\/media?parent=16835"}],"wp:term":[{"taxonomy":"category","embeddable":true,"href":"https:\/\/www.kelmis.be\/fr\/wp-json\/wp\/v2\/categories?post=16835"},{"taxonomy":"post_tag","embeddable":true,"href":"https:\/\/www.kelmis.be\/fr\/wp-json\/wp\/v2\/tags?post=16835"}],"curies":[{"name":"wp","href":"https:\/\/api.w.org\/{rel}","templated":true}]}}