{"id":16827,"date":"2025-07-15T16:13:16","date_gmt":"2025-07-15T14:13:16","guid":{"rendered":"https:\/\/www.kelmis.be\/?p=16827"},"modified":"2025-07-15T16:22:03","modified_gmt":"2025-07-15T14:22:03","slug":"le-numero-18-du-kelmis-magazine-est-disponible","status":"publish","type":"post","link":"https:\/\/www.kelmis.be\/fr\/depuis-la-maison-communale\/le-numero-18-du-kelmis-magazine-est-disponible","title":{"rendered":"Le num\u00e9ro 18 du Kelmis magazine est disponible"},"content":{"rendered":"<p>Le 18e num\u00e9ro du Kelmis magazine est disponible. L&rsquo;article de couverture est consacr\u00e9 \u00e0 la caserne des pompiers et \u00e0 son chef de poste, Joel Ervens. Parmi les autres sujets, on trouve \u00e9galement une histoire sur le club de football amateur FC Tanja, qui a f\u00eat\u00e9 ses 50 ans.<\/p>\n<p>Les personnes qui souhaitent lire le magazine en version papier peuvent envoyer un e-mail \u00e0 verwaltung@kelmis.be. Les magazines peuvent alors \u00eatre retir\u00e9s \u00e0 la r\u00e9ception de la maison communale. Les magazines sont aussi disponibles en version papier \u00e0 la maison communale, au CPAS, \u00e0 la biblioth\u00e8que paroissiale et au mus\u00e9e Vieille Montagne.<\/p>\n<p>En version num\u00e9rique, le magazine peut \u00eatre lu<strong><a href=\"https:\/\/magazin.kelmis.be\/le-kelmis-magazine\"> ici<\/a><\/strong> sous forme de flipbook \u00e0 l&rsquo;adresse suivante.<\/p>\n<p>Bonne lecture<\/p>\n","protected":false},"excerpt":{"rendered":"Le 18e num\u00e9ro du Kelmis magazine est disponible. L&rsquo;article de couverture est consacr\u00e9 \u00e0 la caserne des pompiers et \u00e0 son chef de poste, Joel Ervens. Parmi les autres sujets, on trouve \u00e9galement une histoire sur le club de football amateur FC Tanja, qui a f\u00eat\u00e9 ses 50 ans. Les personnes qui souhaitent lire le [&hellip;]","protected":false},"author":2,"featured_media":16828,"comment_status":"closed","ping_status":"closed","sticky":false,"template":"","format":"standard","meta":{"_acf_changed":false,"footnotes":""},"categories":[71],"tags":[],"class_list":["post-16827","post","type-post","status-publish","format-standard","has-post-thumbnail","hentry","category-depuis-la-maison-communale"],"acf":[],"_links":{"self":[{"href":"https:\/\/www.kelmis.be\/fr\/wp-json\/wp\/v2\/posts\/16827","targetHints":{"allow":["GET"]}}],"collection":[{"href":"https:\/\/www.kelmis.be\/fr\/wp-json\/wp\/v2\/posts"}],"about":[{"href":"https:\/\/www.kelmis.be\/fr\/wp-json\/wp\/v2\/types\/post"}],"author":[{"embeddable":true,"href":"https:\/\/www.kelmis.be\/fr\/wp-json\/wp\/v2\/users\/2"}],"replies":[{"embeddable":true,"href":"https:\/\/www.kelmis.be\/fr\/wp-json\/wp\/v2\/comments?post=16827"}],"version-history":[{"count":3,"href":"https:\/\/www.kelmis.be\/fr\/wp-json\/wp\/v2\/posts\/16827\/revisions"}],"predecessor-version":[{"id":16831,"href":"https:\/\/www.kelmis.be\/fr\/wp-json\/wp\/v2\/posts\/16827\/revisions\/16831"}],"wp:featuredmedia":[{"embeddable":true,"href":"https:\/\/www.kelmis.be\/fr\/wp-json\/wp\/v2\/media\/16828"}],"wp:attachment":[{"href":"https:\/\/www.kelmis.be\/fr\/wp-json\/wp\/v2\/media?parent=16827"}],"wp:term":[{"taxonomy":"category","embeddable":true,"href":"https:\/\/www.kelmis.be\/fr\/wp-json\/wp\/v2\/categories?post=16827"},{"taxonomy":"post_tag","embeddable":true,"href":"https:\/\/www.kelmis.be\/fr\/wp-json\/wp\/v2\/tags?post=16827"}],"curies":[{"name":"wp","href":"https:\/\/api.w.org\/{rel}","templated":true}]}}