{"id":16782,"date":"2025-07-01T20:59:15","date_gmt":"2025-07-01T18:59:15","guid":{"rendered":"https:\/\/www.kelmis.be\/?p=16782"},"modified":"2025-07-01T20:59:15","modified_gmt":"2025-07-01T18:59:15","slug":"vidange-avancee-des-ordures-menageres-et-des-conteneurs-bisa-ce-mercredi","status":"publish","type":"post","link":"https:\/\/www.kelmis.be\/fr\/actualite-dans-la-commune\/vidange-avancee-des-ordures-menageres-et-des-conteneurs-bisa-ce-mercredi","title":{"rendered":"Vidange avanc\u00e9e des ordures m\u00e9nag\u00e8res et des conteneurs BISA ce mercredi"},"content":{"rendered":"<p>Information importante de BISA Ostbelgien \/ Vidange avanc\u00e9e des ordures m\u00e9nag\u00e8res et des conteneurs BISA<br \/>\nAux citoyens des communes d&rsquo;Eupen, Raeren et de La Calamine, demain, 02\/07\/2025, nous viderons plus t\u00f4t que d&rsquo;habitude<br \/>\nles ordures m\u00e9nag\u00e8res \u00e0 Raeren et \u00e0 La Calamine ainsi que les conteneurs BISA \u00e0 Kettenis, La Calamine et \u00e0 Hergenrath<br \/>\nen raison des temp\u00e9ratures \u00e9lev\u00e9es !<br \/>\nVeuillez d\u00e9poser d\u00e8s aujourd&rsquo;hui vos ordures m\u00e9nag\u00e8res ou votre conteneur BISA de mani\u00e8re bien visible dans la rue.<br \/>\nMerci de votre compr\u00e9hension!<br \/>\nNous sommes \u00e0 votre disposition pour toutes questions. Vous pouvez nous joindre par t\u00e9l\u00e9phone ou par e-mail.<br \/>\nAvec nos meilleures salutations!<br \/>\nVotre \u00e9quipe BISA<br \/>\n+32 (0) 87 76 58 50<\/p>\n","protected":false},"excerpt":{"rendered":"Information importante de BISA Ostbelgien \/ Vidange avanc\u00e9e des ordures m\u00e9nag\u00e8res et des conteneurs BISA Aux citoyens des communes d&rsquo;Eupen, Raeren et de La Calamine, demain, 02\/07\/2025, nous viderons plus t\u00f4t que d&rsquo;habitude les ordures m\u00e9nag\u00e8res \u00e0 Raeren et \u00e0 La Calamine ainsi que les conteneurs BISA \u00e0 Kettenis, La Calamine et \u00e0 Hergenrath en [&hellip;]","protected":false},"author":2,"featured_media":16783,"comment_status":"closed","ping_status":"closed","sticky":false,"template":"","format":"standard","meta":{"_acf_changed":false,"footnotes":""},"categories":[70],"tags":[],"class_list":["post-16782","post","type-post","status-publish","format-standard","has-post-thumbnail","hentry","category-actualite-dans-la-commune"],"acf":[],"_links":{"self":[{"href":"https:\/\/www.kelmis.be\/fr\/wp-json\/wp\/v2\/posts\/16782","targetHints":{"allow":["GET"]}}],"collection":[{"href":"https:\/\/www.kelmis.be\/fr\/wp-json\/wp\/v2\/posts"}],"about":[{"href":"https:\/\/www.kelmis.be\/fr\/wp-json\/wp\/v2\/types\/post"}],"author":[{"embeddable":true,"href":"https:\/\/www.kelmis.be\/fr\/wp-json\/wp\/v2\/users\/2"}],"replies":[{"embeddable":true,"href":"https:\/\/www.kelmis.be\/fr\/wp-json\/wp\/v2\/comments?post=16782"}],"version-history":[{"count":1,"href":"https:\/\/www.kelmis.be\/fr\/wp-json\/wp\/v2\/posts\/16782\/revisions"}],"predecessor-version":[{"id":16784,"href":"https:\/\/www.kelmis.be\/fr\/wp-json\/wp\/v2\/posts\/16782\/revisions\/16784"}],"wp:featuredmedia":[{"embeddable":true,"href":"https:\/\/www.kelmis.be\/fr\/wp-json\/wp\/v2\/media\/16783"}],"wp:attachment":[{"href":"https:\/\/www.kelmis.be\/fr\/wp-json\/wp\/v2\/media?parent=16782"}],"wp:term":[{"taxonomy":"category","embeddable":true,"href":"https:\/\/www.kelmis.be\/fr\/wp-json\/wp\/v2\/categories?post=16782"},{"taxonomy":"post_tag","embeddable":true,"href":"https:\/\/www.kelmis.be\/fr\/wp-json\/wp\/v2\/tags?post=16782"}],"curies":[{"name":"wp","href":"https:\/\/api.w.org\/{rel}","templated":true}]}}