{"id":16760,"date":"2025-06-30T14:52:46","date_gmt":"2025-06-30T12:52:46","guid":{"rendered":"https:\/\/www.kelmis.be\/?p=16760"},"modified":"2025-06-30T15:12:45","modified_gmt":"2025-06-30T13:12:45","slug":"le-conseil-communal-se-reunit-ce-soir-lien-pour-la-retransmission-en-direct-6","status":"publish","type":"post","link":"https:\/\/www.kelmis.be\/fr\/non-classifiee\/le-conseil-communal-se-reunit-ce-soir-lien-pour-la-retransmission-en-direct-6","title":{"rendered":"Le conseil communal se r\u00e9unit ce soir &#8211; Lien pour la retransmission en direct"},"content":{"rendered":"<p>Notre conseil communal se r\u00e9unit ce soir (20 heures). 32 points sont \u00e0 l&rsquo;ordre du jour. Parmi eux, l&rsquo;adoption du paquet d&rsquo;\u00e9conomies budg\u00e9taires et la prestation de serment du nouveau conseiller Rudolf Schmitz, qui remplace Jean Ohn. La s\u00e9ance sera retransmise en direct sur notre <strong><a href=\"https:\/\/youtube.com\/live\/ff83OLkeA4s?feature=share\">cha\u00eene YouTube.<\/a><\/strong><\/p>\n","protected":false},"excerpt":{"rendered":"Notre conseil communal se r\u00e9unit ce soir (20 heures). 32 points sont \u00e0 l&rsquo;ordre du jour. Parmi eux, l&rsquo;adoption du paquet d&rsquo;\u00e9conomies budg\u00e9taires et la prestation de serment du nouveau conseiller Rudolf Schmitz, qui remplace Jean Ohn. La s\u00e9ance sera retransmise en direct sur notre cha\u00eene YouTube.","protected":false},"author":2,"featured_media":16761,"comment_status":"closed","ping_status":"closed","sticky":false,"template":"","format":"standard","meta":{"_acf_changed":false,"footnotes":""},"categories":[4],"tags":[],"class_list":["post-16760","post","type-post","status-publish","format-standard","has-post-thumbnail","hentry","category-non-classifiee"],"acf":[],"_links":{"self":[{"href":"https:\/\/www.kelmis.be\/fr\/wp-json\/wp\/v2\/posts\/16760","targetHints":{"allow":["GET"]}}],"collection":[{"href":"https:\/\/www.kelmis.be\/fr\/wp-json\/wp\/v2\/posts"}],"about":[{"href":"https:\/\/www.kelmis.be\/fr\/wp-json\/wp\/v2\/types\/post"}],"author":[{"embeddable":true,"href":"https:\/\/www.kelmis.be\/fr\/wp-json\/wp\/v2\/users\/2"}],"replies":[{"embeddable":true,"href":"https:\/\/www.kelmis.be\/fr\/wp-json\/wp\/v2\/comments?post=16760"}],"version-history":[{"count":1,"href":"https:\/\/www.kelmis.be\/fr\/wp-json\/wp\/v2\/posts\/16760\/revisions"}],"predecessor-version":[{"id":16762,"href":"https:\/\/www.kelmis.be\/fr\/wp-json\/wp\/v2\/posts\/16760\/revisions\/16762"}],"wp:featuredmedia":[{"embeddable":true,"href":"https:\/\/www.kelmis.be\/fr\/wp-json\/wp\/v2\/media\/16761"}],"wp:attachment":[{"href":"https:\/\/www.kelmis.be\/fr\/wp-json\/wp\/v2\/media?parent=16760"}],"wp:term":[{"taxonomy":"category","embeddable":true,"href":"https:\/\/www.kelmis.be\/fr\/wp-json\/wp\/v2\/categories?post=16760"},{"taxonomy":"post_tag","embeddable":true,"href":"https:\/\/www.kelmis.be\/fr\/wp-json\/wp\/v2\/tags?post=16760"}],"curies":[{"name":"wp","href":"https:\/\/api.w.org\/{rel}","templated":true}]}}