{"id":16733,"date":"2025-06-24T17:01:22","date_gmt":"2025-06-24T15:01:22","guid":{"rendered":"https:\/\/www.kelmis.be\/?p=16733"},"modified":"2025-06-24T17:05:02","modified_gmt":"2025-06-24T15:05:02","slug":"le-service-vert-cherche-du-renfort","status":"publish","type":"post","link":"https:\/\/www.kelmis.be\/fr\/non-classifiee\/le-service-vert-cherche-du-renfort","title":{"rendered":"Le service vert cherche du renfort"},"content":{"rendered":"<p>Le d\u00e9p\u00f4t communal recrute un ouvrier qualifi\u00e9 dans le service vert (m\/f\/d) au rang D1 (38 heures\/semaine). Les candidatures \u00e9crites, accompagn\u00e9es d&rsquo;un curriculum vitae, d&rsquo;une lettre de motivation et des dipl\u00f4mes, sont \u00e0 adresser au Coll\u00e8ge communal de La Calamine, rue de l&rsquo;\u00c9glise 31 \u00e0 4720 La Calamine, avant le 15.07.2025, par e-mail (personaldienst@kelmis.be), par courrier ou par d\u00e9p\u00f4t au service du personnel (contre accus\u00e9 de r\u00e9ception).<\/p>\n","protected":false},"excerpt":{"rendered":"Le d\u00e9p\u00f4t communal recrute un ouvrier qualifi\u00e9 dans le service vert (m\/f\/d) au rang D1 (38 heures\/semaine). Les candidatures \u00e9crites, accompagn\u00e9es d&rsquo;un curriculum vitae, d&rsquo;une lettre de motivation et des dipl\u00f4mes, sont \u00e0 adresser au Coll\u00e8ge communal de La Calamine, rue de l&rsquo;\u00c9glise 31 \u00e0 4720 La Calamine, avant le 15.07.2025, par e-mail (personaldienst@kelmis.be), par [&hellip;]","protected":false},"author":2,"featured_media":16649,"comment_status":"closed","ping_status":"closed","sticky":false,"template":"","format":"standard","meta":{"_acf_changed":false,"footnotes":""},"categories":[4],"tags":[],"class_list":["post-16733","post","type-post","status-publish","format-standard","has-post-thumbnail","hentry","category-non-classifiee"],"acf":[],"_links":{"self":[{"href":"https:\/\/www.kelmis.be\/fr\/wp-json\/wp\/v2\/posts\/16733","targetHints":{"allow":["GET"]}}],"collection":[{"href":"https:\/\/www.kelmis.be\/fr\/wp-json\/wp\/v2\/posts"}],"about":[{"href":"https:\/\/www.kelmis.be\/fr\/wp-json\/wp\/v2\/types\/post"}],"author":[{"embeddable":true,"href":"https:\/\/www.kelmis.be\/fr\/wp-json\/wp\/v2\/users\/2"}],"replies":[{"embeddable":true,"href":"https:\/\/www.kelmis.be\/fr\/wp-json\/wp\/v2\/comments?post=16733"}],"version-history":[{"count":1,"href":"https:\/\/www.kelmis.be\/fr\/wp-json\/wp\/v2\/posts\/16733\/revisions"}],"predecessor-version":[{"id":16734,"href":"https:\/\/www.kelmis.be\/fr\/wp-json\/wp\/v2\/posts\/16733\/revisions\/16734"}],"wp:featuredmedia":[{"embeddable":true,"href":"https:\/\/www.kelmis.be\/fr\/wp-json\/wp\/v2\/media\/16649"}],"wp:attachment":[{"href":"https:\/\/www.kelmis.be\/fr\/wp-json\/wp\/v2\/media?parent=16733"}],"wp:term":[{"taxonomy":"category","embeddable":true,"href":"https:\/\/www.kelmis.be\/fr\/wp-json\/wp\/v2\/categories?post=16733"},{"taxonomy":"post_tag","embeddable":true,"href":"https:\/\/www.kelmis.be\/fr\/wp-json\/wp\/v2\/tags?post=16733"}],"curies":[{"name":"wp","href":"https:\/\/api.w.org\/{rel}","templated":true}]}}