{"id":16716,"date":"2025-06-23T16:10:02","date_gmt":"2025-06-23T14:10:02","guid":{"rendered":"https:\/\/www.kelmis.be\/?p=16716"},"modified":"2025-06-23T16:10:02","modified_gmt":"2025-06-23T14:10:02","slug":"greve-generale-le-recypark-est-ferme-ce-mercredi","status":"publish","type":"post","link":"https:\/\/www.kelmis.be\/fr\/depuis-la-maison-communale\/greve-generale-le-recypark-est-ferme-ce-mercredi","title":{"rendered":"Gr\u00e8ve g\u00e9n\u00e9rale : le Recypark est ferm\u00e9 ce mercredi"},"content":{"rendered":"<p>Veuillez prendre note : En raison d&rsquo;une gr\u00e8ve g\u00e9n\u00e9rale des syndicats, le Recypark de notre commune sera ferm\u00e9 mercredi.<\/p>\n","protected":false},"excerpt":{"rendered":"Veuillez prendre note : En raison d&rsquo;une gr\u00e8ve g\u00e9n\u00e9rale des syndicats, le Recypark de notre commune sera ferm\u00e9 mercredi.","protected":false},"author":2,"featured_media":16717,"comment_status":"closed","ping_status":"closed","sticky":false,"template":"","format":"standard","meta":{"_acf_changed":false,"footnotes":""},"categories":[71],"tags":[],"class_list":["post-16716","post","type-post","status-publish","format-standard","has-post-thumbnail","hentry","category-depuis-la-maison-communale"],"acf":[],"_links":{"self":[{"href":"https:\/\/www.kelmis.be\/fr\/wp-json\/wp\/v2\/posts\/16716","targetHints":{"allow":["GET"]}}],"collection":[{"href":"https:\/\/www.kelmis.be\/fr\/wp-json\/wp\/v2\/posts"}],"about":[{"href":"https:\/\/www.kelmis.be\/fr\/wp-json\/wp\/v2\/types\/post"}],"author":[{"embeddable":true,"href":"https:\/\/www.kelmis.be\/fr\/wp-json\/wp\/v2\/users\/2"}],"replies":[{"embeddable":true,"href":"https:\/\/www.kelmis.be\/fr\/wp-json\/wp\/v2\/comments?post=16716"}],"version-history":[{"count":1,"href":"https:\/\/www.kelmis.be\/fr\/wp-json\/wp\/v2\/posts\/16716\/revisions"}],"predecessor-version":[{"id":16718,"href":"https:\/\/www.kelmis.be\/fr\/wp-json\/wp\/v2\/posts\/16716\/revisions\/16718"}],"wp:featuredmedia":[{"embeddable":true,"href":"https:\/\/www.kelmis.be\/fr\/wp-json\/wp\/v2\/media\/16717"}],"wp:attachment":[{"href":"https:\/\/www.kelmis.be\/fr\/wp-json\/wp\/v2\/media?parent=16716"}],"wp:term":[{"taxonomy":"category","embeddable":true,"href":"https:\/\/www.kelmis.be\/fr\/wp-json\/wp\/v2\/categories?post=16716"},{"taxonomy":"post_tag","embeddable":true,"href":"https:\/\/www.kelmis.be\/fr\/wp-json\/wp\/v2\/tags?post=16716"}],"curies":[{"name":"wp","href":"https:\/\/api.w.org\/{rel}","templated":true}]}}