{"id":16711,"date":"2025-06-19T16:56:04","date_gmt":"2025-06-19T14:56:04","guid":{"rendered":"https:\/\/www.kelmis.be\/?p=16711"},"modified":"2025-06-19T17:00:54","modified_gmt":"2025-06-19T15:00:54","slug":"projet-dassainissement-ohn-autorise","status":"publish","type":"post","link":"https:\/\/www.kelmis.be\/fr\/depuis-la-maison-communale\/projet-dassainissement-ohn-autorise","title":{"rendered":"Projet d\u2019assainissement Ohn autoris\u00e9"},"content":{"rendered":"<p>L\u2019administration communale informe la population que le Service public de Wallonie a autoris\u00e9, en date du 10 juin 2025, le projet d\u2019assainissement introduit par le titulaire des obligations, Th\u00e9o OHN, ayant trait \u00e0 un bien sis rue de Li\u00e8ge, 288 \u00e0 4720 La Calamine, cadastr\u00e9 Kelmis, Division 1, section A, n\u00b0 544 x 3, n\u00b0 544 B 4. La d\u00e9cision peut \u00eatre consult\u00e9e sur prise de rendez-vous aupr\u00e8s du Service Environnement de la commune rue de l\u2019Eglise, 26 \u00e0 4720 La Calamine (087\/63 98 37 \u2013 guenther.havenith@kelmis.be). Vous trouvez toutes les infos dans la zone de t\u00e9l\u00e9chargement.<\/p>\n","protected":false},"excerpt":{"rendered":"L\u2019administration communale informe la population que le Service public de Wallonie a autoris\u00e9, en date du 10 juin 2025, le projet d\u2019assainissement introduit par le titulaire des obligations, Th\u00e9o OHN, ayant trait \u00e0 un bien sis rue de Li\u00e8ge, 288 \u00e0 4720 La Calamine, cadastr\u00e9 Kelmis, Division 1, section A, n\u00b0 544 x 3, n\u00b0 [&hellip;]","protected":false},"author":2,"featured_media":16475,"comment_status":"closed","ping_status":"closed","sticky":false,"template":"","format":"standard","meta":{"_acf_changed":false,"footnotes":""},"categories":[71],"tags":[],"class_list":["post-16711","post","type-post","status-publish","format-standard","has-post-thumbnail","hentry","category-depuis-la-maison-communale"],"acf":[],"_links":{"self":[{"href":"https:\/\/www.kelmis.be\/fr\/wp-json\/wp\/v2\/posts\/16711","targetHints":{"allow":["GET"]}}],"collection":[{"href":"https:\/\/www.kelmis.be\/fr\/wp-json\/wp\/v2\/posts"}],"about":[{"href":"https:\/\/www.kelmis.be\/fr\/wp-json\/wp\/v2\/types\/post"}],"author":[{"embeddable":true,"href":"https:\/\/www.kelmis.be\/fr\/wp-json\/wp\/v2\/users\/2"}],"replies":[{"embeddable":true,"href":"https:\/\/www.kelmis.be\/fr\/wp-json\/wp\/v2\/comments?post=16711"}],"version-history":[{"count":1,"href":"https:\/\/www.kelmis.be\/fr\/wp-json\/wp\/v2\/posts\/16711\/revisions"}],"predecessor-version":[{"id":16712,"href":"https:\/\/www.kelmis.be\/fr\/wp-json\/wp\/v2\/posts\/16711\/revisions\/16712"}],"wp:featuredmedia":[{"embeddable":true,"href":"https:\/\/www.kelmis.be\/fr\/wp-json\/wp\/v2\/media\/16475"}],"wp:attachment":[{"href":"https:\/\/www.kelmis.be\/fr\/wp-json\/wp\/v2\/media?parent=16711"}],"wp:term":[{"taxonomy":"category","embeddable":true,"href":"https:\/\/www.kelmis.be\/fr\/wp-json\/wp\/v2\/categories?post=16711"},{"taxonomy":"post_tag","embeddable":true,"href":"https:\/\/www.kelmis.be\/fr\/wp-json\/wp\/v2\/tags?post=16711"}],"curies":[{"name":"wp","href":"https:\/\/api.w.org\/{rel}","templated":true}]}}