{"id":16704,"date":"2025-06-19T16:41:20","date_gmt":"2025-06-19T14:41:20","guid":{"rendered":"https:\/\/www.kelmis.be\/?p=16704"},"modified":"2025-06-19T16:47:12","modified_gmt":"2025-06-19T14:47:12","slug":"les-graffitis-ont-des-consequences-juridiques-et-financieres","status":"publish","type":"post","link":"https:\/\/www.kelmis.be\/fr\/depuis-la-maison-communale\/les-graffitis-ont-des-consequences-juridiques-et-financieres","title":{"rendered":"Les graffitis ont des cons\u00e9quences juridiques et financi\u00e8res"},"content":{"rendered":"<p>Suite \u00e0 la constatation r\u00e9p\u00e9t\u00e9e de graffitis sur des biens publics, nous insistons sur le fait que ces d\u00e9lits sont tous transf\u00e9r\u00e9s \u00e0 la justice et sanctionn\u00e9s par le minist\u00e8re public ou le fonctionnaire sanctionnateur. Pour ce faire, des cam\u00e9ras de surveillance sont utilis\u00e9es ou la police peut r\u00e9guli\u00e8rement recourir \u00e0 des photos de riverains qui filment ou photographient les auteurs en flagrant d\u00e9lit. Outre les graffitis, de nombreux autocollants sur les panneaux de signalisation, les poubelles et les poteaux d&rsquo;\u00e9clairage ont \u00e9t\u00e9 document\u00e9s ces derniers temps. L\u00e0 aussi, l&rsquo;enqu\u00eate est en cours. Pour rappel, l&rsquo;affichage sauvage (notamment la pose d&rsquo;autocollants) et les d\u00e9gradations (graffitis) ont des cons\u00e9quences juridiques (plainte et amende) et financi\u00e8res, puisque la remise en \u00e9tat du bien public est factur\u00e9e \u00e0 l&rsquo;auteur-e des faits.<\/p>\n","protected":false},"excerpt":{"rendered":"Suite \u00e0 la constatation r\u00e9p\u00e9t\u00e9e de graffitis sur des biens publics, nous insistons sur le fait que ces d\u00e9lits sont tous transf\u00e9r\u00e9s \u00e0 la justice et sanctionn\u00e9s par le minist\u00e8re public ou le fonctionnaire sanctionnateur. Pour ce faire, des cam\u00e9ras de surveillance sont utilis\u00e9es ou la police peut r\u00e9guli\u00e8rement recourir \u00e0 des photos de riverains [&hellip;]","protected":false},"author":2,"featured_media":16705,"comment_status":"closed","ping_status":"closed","sticky":false,"template":"","format":"standard","meta":{"_acf_changed":false,"footnotes":""},"categories":[71],"tags":[],"class_list":["post-16704","post","type-post","status-publish","format-standard","has-post-thumbnail","hentry","category-depuis-la-maison-communale"],"acf":[],"_links":{"self":[{"href":"https:\/\/www.kelmis.be\/fr\/wp-json\/wp\/v2\/posts\/16704","targetHints":{"allow":["GET"]}}],"collection":[{"href":"https:\/\/www.kelmis.be\/fr\/wp-json\/wp\/v2\/posts"}],"about":[{"href":"https:\/\/www.kelmis.be\/fr\/wp-json\/wp\/v2\/types\/post"}],"author":[{"embeddable":true,"href":"https:\/\/www.kelmis.be\/fr\/wp-json\/wp\/v2\/users\/2"}],"replies":[{"embeddable":true,"href":"https:\/\/www.kelmis.be\/fr\/wp-json\/wp\/v2\/comments?post=16704"}],"version-history":[{"count":1,"href":"https:\/\/www.kelmis.be\/fr\/wp-json\/wp\/v2\/posts\/16704\/revisions"}],"predecessor-version":[{"id":16706,"href":"https:\/\/www.kelmis.be\/fr\/wp-json\/wp\/v2\/posts\/16704\/revisions\/16706"}],"wp:featuredmedia":[{"embeddable":true,"href":"https:\/\/www.kelmis.be\/fr\/wp-json\/wp\/v2\/media\/16705"}],"wp:attachment":[{"href":"https:\/\/www.kelmis.be\/fr\/wp-json\/wp\/v2\/media?parent=16704"}],"wp:term":[{"taxonomy":"category","embeddable":true,"href":"https:\/\/www.kelmis.be\/fr\/wp-json\/wp\/v2\/categories?post=16704"},{"taxonomy":"post_tag","embeddable":true,"href":"https:\/\/www.kelmis.be\/fr\/wp-json\/wp\/v2\/tags?post=16704"}],"curies":[{"name":"wp","href":"https:\/\/api.w.org\/{rel}","templated":true}]}}