{"id":16698,"date":"2025-06-17T16:21:15","date_gmt":"2025-06-17T14:21:15","guid":{"rendered":"https:\/\/www.kelmis.be\/?p=16698"},"modified":"2025-06-17T16:21:15","modified_gmt":"2025-06-17T14:21:15","slug":"lirm-met-en-garde-contre-la-premiere-vague-de-chaleur-de-lannee","status":"publish","type":"post","link":"https:\/\/www.kelmis.be\/fr\/depuis-la-maison-communale\/lirm-met-en-garde-contre-la-premiere-vague-de-chaleur-de-lannee","title":{"rendered":"L&rsquo;IRM met en garde contre la premi\u00e8re vague de chaleur de l&rsquo;ann\u00e9e"},"content":{"rendered":"<p>L&rsquo;Institut Royal M\u00e9t\u00e9orologique, IRM, met en garde contre la premi\u00e8re vague de chaleur de l&rsquo;ann\u00e9e. Le niveau d&rsquo;alerte jaune a \u00e9t\u00e9 \u00e9mis pour les prochains jours, jusqu&rsquo;\u00e0 samedi inclus. Des temp\u00e9ratures avoisinant les 30 degr\u00e9s sont attendues pour le week-end. Selon l&rsquo;IRM, des mesures doivent \u00eatre prises pour prot\u00e9ger les personnes \u00e2g\u00e9es et les plus faibles lorsque de telles temp\u00e9ratures sont atteintes : boire davantage, \u00e9viter l&rsquo;exposition directe au soleil.<\/p>\n<p>Photo: Unsplash<\/p>\n","protected":false},"excerpt":{"rendered":"L&rsquo;Institut Royal M\u00e9t\u00e9orologique, IRM, met en garde contre la premi\u00e8re vague de chaleur de l&rsquo;ann\u00e9e. Le niveau d&rsquo;alerte jaune a \u00e9t\u00e9 \u00e9mis pour les prochains jours, jusqu&rsquo;\u00e0 samedi inclus. Des temp\u00e9ratures avoisinant les 30 degr\u00e9s sont attendues pour le week-end. Selon l&rsquo;IRM, des mesures doivent \u00eatre prises pour prot\u00e9ger les personnes \u00e2g\u00e9es et les plus [&hellip;]","protected":false},"author":2,"featured_media":16699,"comment_status":"closed","ping_status":"closed","sticky":false,"template":"","format":"standard","meta":{"_acf_changed":false,"footnotes":""},"categories":[71],"tags":[],"class_list":["post-16698","post","type-post","status-publish","format-standard","has-post-thumbnail","hentry","category-depuis-la-maison-communale"],"acf":[],"_links":{"self":[{"href":"https:\/\/www.kelmis.be\/fr\/wp-json\/wp\/v2\/posts\/16698","targetHints":{"allow":["GET"]}}],"collection":[{"href":"https:\/\/www.kelmis.be\/fr\/wp-json\/wp\/v2\/posts"}],"about":[{"href":"https:\/\/www.kelmis.be\/fr\/wp-json\/wp\/v2\/types\/post"}],"author":[{"embeddable":true,"href":"https:\/\/www.kelmis.be\/fr\/wp-json\/wp\/v2\/users\/2"}],"replies":[{"embeddable":true,"href":"https:\/\/www.kelmis.be\/fr\/wp-json\/wp\/v2\/comments?post=16698"}],"version-history":[{"count":1,"href":"https:\/\/www.kelmis.be\/fr\/wp-json\/wp\/v2\/posts\/16698\/revisions"}],"predecessor-version":[{"id":16700,"href":"https:\/\/www.kelmis.be\/fr\/wp-json\/wp\/v2\/posts\/16698\/revisions\/16700"}],"wp:featuredmedia":[{"embeddable":true,"href":"https:\/\/www.kelmis.be\/fr\/wp-json\/wp\/v2\/media\/16699"}],"wp:attachment":[{"href":"https:\/\/www.kelmis.be\/fr\/wp-json\/wp\/v2\/media?parent=16698"}],"wp:term":[{"taxonomy":"category","embeddable":true,"href":"https:\/\/www.kelmis.be\/fr\/wp-json\/wp\/v2\/categories?post=16698"},{"taxonomy":"post_tag","embeddable":true,"href":"https:\/\/www.kelmis.be\/fr\/wp-json\/wp\/v2\/tags?post=16698"}],"curies":[{"name":"wp","href":"https:\/\/api.w.org\/{rel}","templated":true}]}}