{"id":16692,"date":"2025-06-12T16:38:04","date_gmt":"2025-06-12T14:38:04","guid":{"rendered":"https:\/\/www.kelmis.be\/?p=16692"},"modified":"2025-06-12T16:38:04","modified_gmt":"2025-06-12T14:38:04","slug":"fermeture-de-la-rue-de-leglise-en-vue","status":"publish","type":"post","link":"https:\/\/www.kelmis.be\/fr\/circulation\/fermeture-de-la-rue-de-leglise-en-vue","title":{"rendered":"Fermeture de la rue de l\u2019\u00c9glise en vue"},"content":{"rendered":"<p>Lundi prochain, la partie inf\u00e9rieure de la rue de l\u2019\u00c9glise sera ferm\u00e9e \u00e0 la circulation. La raison : l&rsquo;entreprise Bodarw\u00e9 effectue des travaux sur la conduite de gaz pour le compte de l&rsquo;intercommunale RESA. Le chantier devrait durer jusqu&rsquo;au 10 juillet. Pendant cette p\u00e9riode, la circulation sera d\u00e9vi\u00e9e par la place de l&rsquo;\u00c9glise. La d\u00e9viation passe par la rue de la Poste et le Heygraben. Pour les habitants et habitantes du bas de la rue de l\u2019\u00c9glise, la rue sera accessible depuis la rue de Li\u00e8ge.<\/p>\n<p>Le 23 juin, un autre chantier d\u00e9butera dans la rue de l\u2019\u00c9glise, cette fois dans la partie sup\u00e9rieure. Un couvreur intervient au num\u00e9ro 26 de la rue. Les travaux devraient durer jusqu&rsquo;au 6 juillet. Pendant cette p\u00e9riode, la partie sup\u00e9rieure de la rue sera accessible aux riverains et riveraines. La d\u00e9viation passe ici par la rue de la Poste ou la rue des Tilleuls.<\/p>\n<p>Pendant les deux chantiers, le parking devant le Press Shop sera \u00e0 la disposition des automobilistes. Le march\u00e9 hebdomadaire aura lieu, comme toujours, le jeudi sur la place de l&rsquo;\u00c9glise.<\/p>\n<p>En ce qui concerne le ramassage des ordures, les citoyens et citoyennes sont pri\u00e9s d&rsquo;apporter leurs d\u00e9chets au point de collecte le plus proche.<\/p>\n","protected":false},"excerpt":{"rendered":"Lundi prochain, la partie inf\u00e9rieure de la rue de l\u2019\u00c9glise sera ferm\u00e9e \u00e0 la circulation. La raison : l&rsquo;entreprise Bodarw\u00e9 effectue des travaux sur la conduite de gaz pour le compte de l&rsquo;intercommunale RESA. Le chantier devrait durer jusqu&rsquo;au 10 juillet. Pendant cette p\u00e9riode, la circulation sera d\u00e9vi\u00e9e par la place de l&rsquo;\u00c9glise. La d\u00e9viation [&hellip;]","protected":false},"author":2,"featured_media":16693,"comment_status":"closed","ping_status":"closed","sticky":false,"template":"","format":"standard","meta":{"_acf_changed":false,"footnotes":""},"categories":[74],"tags":[],"class_list":["post-16692","post","type-post","status-publish","format-standard","has-post-thumbnail","hentry","category-circulation"],"acf":[],"_links":{"self":[{"href":"https:\/\/www.kelmis.be\/fr\/wp-json\/wp\/v2\/posts\/16692","targetHints":{"allow":["GET"]}}],"collection":[{"href":"https:\/\/www.kelmis.be\/fr\/wp-json\/wp\/v2\/posts"}],"about":[{"href":"https:\/\/www.kelmis.be\/fr\/wp-json\/wp\/v2\/types\/post"}],"author":[{"embeddable":true,"href":"https:\/\/www.kelmis.be\/fr\/wp-json\/wp\/v2\/users\/2"}],"replies":[{"embeddable":true,"href":"https:\/\/www.kelmis.be\/fr\/wp-json\/wp\/v2\/comments?post=16692"}],"version-history":[{"count":1,"href":"https:\/\/www.kelmis.be\/fr\/wp-json\/wp\/v2\/posts\/16692\/revisions"}],"predecessor-version":[{"id":16694,"href":"https:\/\/www.kelmis.be\/fr\/wp-json\/wp\/v2\/posts\/16692\/revisions\/16694"}],"wp:featuredmedia":[{"embeddable":true,"href":"https:\/\/www.kelmis.be\/fr\/wp-json\/wp\/v2\/media\/16693"}],"wp:attachment":[{"href":"https:\/\/www.kelmis.be\/fr\/wp-json\/wp\/v2\/media?parent=16692"}],"wp:term":[{"taxonomy":"category","embeddable":true,"href":"https:\/\/www.kelmis.be\/fr\/wp-json\/wp\/v2\/categories?post=16692"},{"taxonomy":"post_tag","embeddable":true,"href":"https:\/\/www.kelmis.be\/fr\/wp-json\/wp\/v2\/tags?post=16692"}],"curies":[{"name":"wp","href":"https:\/\/api.w.org\/{rel}","templated":true}]}}