{"id":16686,"date":"2025-06-12T14:36:41","date_gmt":"2025-06-12T12:36:41","guid":{"rendered":"https:\/\/www.kelmis.be\/?p=16686"},"modified":"2025-06-12T14:36:41","modified_gmt":"2025-06-12T12:36:41","slug":"enquete-projet-dassainissement-du-sol-et-construction-dun-ensemble-bati-dans-la-rue-schlack","status":"publish","type":"post","link":"https:\/\/www.kelmis.be\/fr\/actualite-dans-la-commune\/enquete-projet-dassainissement-du-sol-et-construction-dun-ensemble-bati-dans-la-rue-schlack","title":{"rendered":"Enqu\u00eate : Projet d\u2019assainissement du sol et construction d\u2019un ensemble b\u00e2ti dans la rue Schlack"},"content":{"rendered":"<p>Le College communal fait savoir qu&rsquo;il est saisi d&rsquo;une demande de :<\/p>\n<p>Projet d\u2019assainissement du sol et construction d\u2019un ensemble b\u00e2ti, Permis unique incluant une \u00e9tude d&rsquo;incidence sur l\u2019environnement et projet d\u2019assainissement du sol<\/p>\n<p>Le demandeur est TERGECO SRL avec si\u00e8ge social \u00e0 Eupen, Rue de Verviers 10.<\/p>\n<p>Le terrain concern\u00e9 est situ\u00e9 \u00e0 La Calamine, Rue Schlack:<\/p>\n<p>Le dossier peut \u00eatre consult\u00e9 durant la p\u00e9riode d&rsquo;enqu\u00eate \u00e0 l&rsquo;adresse suivante :<\/p>\n<p>Rue de l\u2019Eglise 26, 4720 La Calamine<\/p>\n<p>les jours ouvrables de 9h00 \u00e0 12h30;<\/p>\n<p>&#8211; les jeudi 19\/06\/25, 26\/06\/25, 03\/07\/25 &amp; 10\/07\/25 de 15h00 \u00e0 20h00;<\/p>\n<p>Pour les consultations jusqu\u2019\u00e0 20 heures, rendez-vous doit \u00eatre pris au plus tard 24 heures \u00e0 l&rsquo;avance aupr\u00e8s du Service de l&rsquo;urbanisme et de l&rsquo;environnement.<\/p>\n","protected":false},"excerpt":{"rendered":"Le College communal fait savoir qu&rsquo;il est saisi d&rsquo;une demande de : Projet d\u2019assainissement du sol et construction d\u2019un ensemble b\u00e2ti, Permis unique incluant une \u00e9tude d&rsquo;incidence sur l\u2019environnement et projet d\u2019assainissement du sol Le demandeur est TERGECO SRL avec si\u00e8ge social \u00e0 Eupen, Rue de Verviers 10. Le terrain concern\u00e9 est situ\u00e9 \u00e0 La [&hellip;]","protected":false},"author":2,"featured_media":16413,"comment_status":"closed","ping_status":"closed","sticky":false,"template":"","format":"standard","meta":{"_acf_changed":false,"footnotes":""},"categories":[70],"tags":[],"class_list":["post-16686","post","type-post","status-publish","format-standard","has-post-thumbnail","hentry","category-actualite-dans-la-commune"],"acf":[],"_links":{"self":[{"href":"https:\/\/www.kelmis.be\/fr\/wp-json\/wp\/v2\/posts\/16686","targetHints":{"allow":["GET"]}}],"collection":[{"href":"https:\/\/www.kelmis.be\/fr\/wp-json\/wp\/v2\/posts"}],"about":[{"href":"https:\/\/www.kelmis.be\/fr\/wp-json\/wp\/v2\/types\/post"}],"author":[{"embeddable":true,"href":"https:\/\/www.kelmis.be\/fr\/wp-json\/wp\/v2\/users\/2"}],"replies":[{"embeddable":true,"href":"https:\/\/www.kelmis.be\/fr\/wp-json\/wp\/v2\/comments?post=16686"}],"version-history":[{"count":1,"href":"https:\/\/www.kelmis.be\/fr\/wp-json\/wp\/v2\/posts\/16686\/revisions"}],"predecessor-version":[{"id":16688,"href":"https:\/\/www.kelmis.be\/fr\/wp-json\/wp\/v2\/posts\/16686\/revisions\/16688"}],"wp:featuredmedia":[{"embeddable":true,"href":"https:\/\/www.kelmis.be\/fr\/wp-json\/wp\/v2\/media\/16413"}],"wp:attachment":[{"href":"https:\/\/www.kelmis.be\/fr\/wp-json\/wp\/v2\/media?parent=16686"}],"wp:term":[{"taxonomy":"category","embeddable":true,"href":"https:\/\/www.kelmis.be\/fr\/wp-json\/wp\/v2\/categories?post=16686"},{"taxonomy":"post_tag","embeddable":true,"href":"https:\/\/www.kelmis.be\/fr\/wp-json\/wp\/v2\/tags?post=16686"}],"curies":[{"name":"wp","href":"https:\/\/api.w.org\/{rel}","templated":true}]}}