{"id":16676,"date":"2025-06-12T14:15:16","date_gmt":"2025-06-12T12:15:16","guid":{"rendered":"https:\/\/www.kelmis.be\/?p=16676"},"modified":"2025-06-12T14:15:16","modified_gmt":"2025-06-12T12:15:16","slug":"noces-dalbatre-dans-notre-commune","status":"publish","type":"post","link":"https:\/\/www.kelmis.be\/fr\/actualite-dans-la-commune\/noces-dalbatre-dans-notre-commune","title":{"rendered":"Noces d&rsquo;alb\u00e2tre dans notre commune !"},"content":{"rendered":"<p>Le 10 juin, Joseph Lousberg (96 ans) et Marie-Louise Claes (98 ans) ont f\u00eat\u00e9 leur 75e anniversaire de mariage et donc leurs noces d&rsquo;alb\u00e2tre \ud83d\udc90- un anniversaire extr\u00eamement rare. Nous les f\u00e9licitons ! Le couple habite dans la rue Kloth et compte sept arri\u00e8re-petits-enfants.<\/p>\n","protected":false},"excerpt":{"rendered":"Le 10 juin, Joseph Lousberg (96 ans) et Marie-Louise Claes (98 ans) ont f\u00eat\u00e9 leur 75e anniversaire de mariage et donc leurs noces d&rsquo;alb\u00e2tre \ud83d\udc90- un anniversaire extr\u00eamement rare. Nous les f\u00e9licitons ! Le couple habite dans la rue Kloth et compte sept arri\u00e8re-petits-enfants.","protected":false},"author":2,"featured_media":16677,"comment_status":"closed","ping_status":"closed","sticky":false,"template":"","format":"standard","meta":{"_acf_changed":false,"footnotes":""},"categories":[70],"tags":[],"class_list":["post-16676","post","type-post","status-publish","format-standard","has-post-thumbnail","hentry","category-actualite-dans-la-commune"],"acf":[],"_links":{"self":[{"href":"https:\/\/www.kelmis.be\/fr\/wp-json\/wp\/v2\/posts\/16676","targetHints":{"allow":["GET"]}}],"collection":[{"href":"https:\/\/www.kelmis.be\/fr\/wp-json\/wp\/v2\/posts"}],"about":[{"href":"https:\/\/www.kelmis.be\/fr\/wp-json\/wp\/v2\/types\/post"}],"author":[{"embeddable":true,"href":"https:\/\/www.kelmis.be\/fr\/wp-json\/wp\/v2\/users\/2"}],"replies":[{"embeddable":true,"href":"https:\/\/www.kelmis.be\/fr\/wp-json\/wp\/v2\/comments?post=16676"}],"version-history":[{"count":1,"href":"https:\/\/www.kelmis.be\/fr\/wp-json\/wp\/v2\/posts\/16676\/revisions"}],"predecessor-version":[{"id":16681,"href":"https:\/\/www.kelmis.be\/fr\/wp-json\/wp\/v2\/posts\/16676\/revisions\/16681"}],"wp:featuredmedia":[{"embeddable":true,"href":"https:\/\/www.kelmis.be\/fr\/wp-json\/wp\/v2\/media\/16677"}],"wp:attachment":[{"href":"https:\/\/www.kelmis.be\/fr\/wp-json\/wp\/v2\/media?parent=16676"}],"wp:term":[{"taxonomy":"category","embeddable":true,"href":"https:\/\/www.kelmis.be\/fr\/wp-json\/wp\/v2\/categories?post=16676"},{"taxonomy":"post_tag","embeddable":true,"href":"https:\/\/www.kelmis.be\/fr\/wp-json\/wp\/v2\/tags?post=16676"}],"curies":[{"name":"wp","href":"https:\/\/api.w.org\/{rel}","templated":true}]}}