{"id":16656,"date":"2025-06-02T12:47:20","date_gmt":"2025-06-02T10:47:20","guid":{"rendered":"https:\/\/www.kelmis.be\/?p=16656"},"modified":"2025-06-02T12:47:20","modified_gmt":"2025-06-02T10:47:20","slug":"le-deploiement-du-reseau-fibre-optique-se-poursuit-a-hergenrath","status":"publish","type":"post","link":"https:\/\/www.kelmis.be\/fr\/circulation\/le-deploiement-du-reseau-fibre-optique-se-poursuit-a-hergenrath","title":{"rendered":"Le d\u00e9ploiement du r\u00e9seau fibre optique se poursuit \u00e0 Hergenrath"},"content":{"rendered":"<p>Apr\u00e8s la finalisation r\u00e9ussie des travaux de remise en \u00e9tat, le v\u00e9ritable d\u00e9ploiement du r\u00e9seau fibre optique se poursuit maintenant dans le centre du village de Hergenrath. Nous vous tiendrons r\u00e9guli\u00e8rement inform\u00e9s de l\u2019\u00e9volution des chantiers.<br \/>\nL\u2019entreprise responsable est Glasfaser Ostbelgien, qui \u00e9tait \u00e9galement en charge des derni\u00e8res r\u00e9parations effectu\u00e9es.<\/p>\n","protected":false},"excerpt":{"rendered":"Apr\u00e8s la finalisation r\u00e9ussie des travaux de remise en \u00e9tat, le v\u00e9ritable d\u00e9ploiement du r\u00e9seau fibre optique se poursuit maintenant dans le centre du village de Hergenrath. Nous vous tiendrons r\u00e9guli\u00e8rement inform\u00e9s de l\u2019\u00e9volution des chantiers. L\u2019entreprise responsable est Glasfaser Ostbelgien, qui \u00e9tait \u00e9galement en charge des derni\u00e8res r\u00e9parations effectu\u00e9es.","protected":false},"author":2,"featured_media":16657,"comment_status":"closed","ping_status":"closed","sticky":false,"template":"","format":"standard","meta":{"_acf_changed":false,"footnotes":""},"categories":[74],"tags":[],"class_list":["post-16656","post","type-post","status-publish","format-standard","has-post-thumbnail","hentry","category-circulation"],"acf":[],"_links":{"self":[{"href":"https:\/\/www.kelmis.be\/fr\/wp-json\/wp\/v2\/posts\/16656","targetHints":{"allow":["GET"]}}],"collection":[{"href":"https:\/\/www.kelmis.be\/fr\/wp-json\/wp\/v2\/posts"}],"about":[{"href":"https:\/\/www.kelmis.be\/fr\/wp-json\/wp\/v2\/types\/post"}],"author":[{"embeddable":true,"href":"https:\/\/www.kelmis.be\/fr\/wp-json\/wp\/v2\/users\/2"}],"replies":[{"embeddable":true,"href":"https:\/\/www.kelmis.be\/fr\/wp-json\/wp\/v2\/comments?post=16656"}],"version-history":[{"count":1,"href":"https:\/\/www.kelmis.be\/fr\/wp-json\/wp\/v2\/posts\/16656\/revisions"}],"predecessor-version":[{"id":16658,"href":"https:\/\/www.kelmis.be\/fr\/wp-json\/wp\/v2\/posts\/16656\/revisions\/16658"}],"wp:featuredmedia":[{"embeddable":true,"href":"https:\/\/www.kelmis.be\/fr\/wp-json\/wp\/v2\/media\/16657"}],"wp:attachment":[{"href":"https:\/\/www.kelmis.be\/fr\/wp-json\/wp\/v2\/media?parent=16656"}],"wp:term":[{"taxonomy":"category","embeddable":true,"href":"https:\/\/www.kelmis.be\/fr\/wp-json\/wp\/v2\/categories?post=16656"},{"taxonomy":"post_tag","embeddable":true,"href":"https:\/\/www.kelmis.be\/fr\/wp-json\/wp\/v2\/tags?post=16656"}],"curies":[{"name":"wp","href":"https:\/\/api.w.org\/{rel}","templated":true}]}}