{"id":16615,"date":"2025-05-27T14:29:00","date_gmt":"2025-05-27T12:29:00","guid":{"rendered":"https:\/\/www.kelmis.be\/?p=16615"},"modified":"2025-05-27T16:05:12","modified_gmt":"2025-05-27T14:05:12","slug":"nos-dernieres-nouvelles-communales-des-a-present-sur-whatsapp","status":"publish","type":"post","link":"https:\/\/www.kelmis.be\/fr\/depuis-la-maison-communale\/nos-dernieres-nouvelles-communales-des-a-present-sur-whatsapp","title":{"rendered":"Nos derni\u00e8res nouvelles communales d\u00e8s \u00e0 pr\u00e9sent sur WhatsApp"},"content":{"rendered":"<p>Nous \u00e9largissons notre offre d&rsquo;informations : d\u00e8s \u00e0 pr\u00e9sent, vous pouvez \u00e9galement recevoir les derni\u00e8res nouvelles de la commune via notre nouveau canal WhatsApp !<\/p>\n<p>\ud83d\udcf2 Abonnez-vous d\u00e8s maintenant en cliquant <strong><a href=\"https:\/\/whatsapp.com\/channel\/0029Vb686m9AYlULuZk8kW1R\">sur ce lien<\/a><\/strong>.<\/p>\n<p>Que ce soit via Instagram, Facebook, notre site web &#8211; ou d\u00e9sormais via WhatsApp : ne manquez aucune actualit\u00e9 de la commune et restez toujours au courant.<\/p>\n<p>&nbsp;<\/p>\n<p>Photo: Unsplash<\/p>\n","protected":false},"excerpt":{"rendered":"Nous \u00e9largissons notre offre d&rsquo;informations : d\u00e8s \u00e0 pr\u00e9sent, vous pouvez \u00e9galement recevoir les derni\u00e8res nouvelles de la commune via notre nouveau canal WhatsApp ! \ud83d\udcf2 Abonnez-vous d\u00e8s maintenant en cliquant sur ce lien. Que ce soit via Instagram, Facebook, notre site web &#8211; ou d\u00e9sormais via WhatsApp : ne manquez aucune actualit\u00e9 de la [&hellip;]","protected":false},"author":2,"featured_media":16616,"comment_status":"closed","ping_status":"closed","sticky":false,"template":"","format":"standard","meta":{"_acf_changed":false,"footnotes":""},"categories":[71],"tags":[],"class_list":["post-16615","post","type-post","status-publish","format-standard","has-post-thumbnail","hentry","category-depuis-la-maison-communale"],"acf":[],"_links":{"self":[{"href":"https:\/\/www.kelmis.be\/fr\/wp-json\/wp\/v2\/posts\/16615","targetHints":{"allow":["GET"]}}],"collection":[{"href":"https:\/\/www.kelmis.be\/fr\/wp-json\/wp\/v2\/posts"}],"about":[{"href":"https:\/\/www.kelmis.be\/fr\/wp-json\/wp\/v2\/types\/post"}],"author":[{"embeddable":true,"href":"https:\/\/www.kelmis.be\/fr\/wp-json\/wp\/v2\/users\/2"}],"replies":[{"embeddable":true,"href":"https:\/\/www.kelmis.be\/fr\/wp-json\/wp\/v2\/comments?post=16615"}],"version-history":[{"count":2,"href":"https:\/\/www.kelmis.be\/fr\/wp-json\/wp\/v2\/posts\/16615\/revisions"}],"predecessor-version":[{"id":16619,"href":"https:\/\/www.kelmis.be\/fr\/wp-json\/wp\/v2\/posts\/16615\/revisions\/16619"}],"wp:featuredmedia":[{"embeddable":true,"href":"https:\/\/www.kelmis.be\/fr\/wp-json\/wp\/v2\/media\/16616"}],"wp:attachment":[{"href":"https:\/\/www.kelmis.be\/fr\/wp-json\/wp\/v2\/media?parent=16615"}],"wp:term":[{"taxonomy":"category","embeddable":true,"href":"https:\/\/www.kelmis.be\/fr\/wp-json\/wp\/v2\/categories?post=16615"},{"taxonomy":"post_tag","embeddable":true,"href":"https:\/\/www.kelmis.be\/fr\/wp-json\/wp\/v2\/tags?post=16615"}],"curies":[{"name":"wp","href":"https:\/\/api.w.org\/{rel}","templated":true}]}}