{"id":16605,"date":"2025-05-27T10:33:22","date_gmt":"2025-05-27T08:33:22","guid":{"rendered":"https:\/\/www.kelmis.be\/?p=16605"},"modified":"2025-05-27T10:49:44","modified_gmt":"2025-05-27T08:49:44","slug":"voici-les-bourses-detudes-vacantes-de-la-province-de-liege","status":"publish","type":"post","link":"https:\/\/www.kelmis.be\/fr\/depuis-la-maison-communale\/voici-les-bourses-detudes-vacantes-de-la-province-de-liege","title":{"rendered":"Voici les bourses d&rsquo;\u00e9tudes vacantes de la Province de Li\u00e8ge"},"content":{"rendered":"<p>La commission des fondations de bourses d\u2019\u00e9tudes de la Province de Li\u00e8ge a publi\u00e9 son offre pour l&rsquo;ann\u00e9e acad\u00e9mique 2025\/2026. Vous trouverez toutes les informations dans les documents officiels \u00e0 t\u00e9l\u00e9charger.<\/p>\n<p>Les bureaux de la commission sont ouverts au public les mardis et jeudis de 9h \u00e0 12h : Commission des fondations de bourses d&rsquo;\u00e9tudes de la Province de Li\u00e8ge, Rue des Mara\u00eechers 17 \u00e0 4020 Li\u00e8ge. 04\/343 52 74, bourses.etudes@skynet.be<\/p>\n<p>&nbsp;<\/p>\n<p>Photo: Unsplash<\/p>\n","protected":false},"excerpt":{"rendered":"La commission des fondations de bourses d\u2019\u00e9tudes de la Province de Li\u00e8ge a publi\u00e9 son offre pour l&rsquo;ann\u00e9e acad\u00e9mique 2025\/2026. Vous trouverez toutes les informations dans les documents officiels \u00e0 t\u00e9l\u00e9charger. Les bureaux de la commission sont ouverts au public les mardis et jeudis de 9h \u00e0 12h : Commission des fondations de bourses d&rsquo;\u00e9tudes [&hellip;]","protected":false},"author":2,"featured_media":16607,"comment_status":"closed","ping_status":"closed","sticky":false,"template":"","format":"standard","meta":{"_acf_changed":false,"footnotes":""},"categories":[71],"tags":[],"class_list":["post-16605","post","type-post","status-publish","format-standard","has-post-thumbnail","hentry","category-depuis-la-maison-communale"],"acf":[],"_links":{"self":[{"href":"https:\/\/www.kelmis.be\/fr\/wp-json\/wp\/v2\/posts\/16605","targetHints":{"allow":["GET"]}}],"collection":[{"href":"https:\/\/www.kelmis.be\/fr\/wp-json\/wp\/v2\/posts"}],"about":[{"href":"https:\/\/www.kelmis.be\/fr\/wp-json\/wp\/v2\/types\/post"}],"author":[{"embeddable":true,"href":"https:\/\/www.kelmis.be\/fr\/wp-json\/wp\/v2\/users\/2"}],"replies":[{"embeddable":true,"href":"https:\/\/www.kelmis.be\/fr\/wp-json\/wp\/v2\/comments?post=16605"}],"version-history":[{"count":3,"href":"https:\/\/www.kelmis.be\/fr\/wp-json\/wp\/v2\/posts\/16605\/revisions"}],"predecessor-version":[{"id":16610,"href":"https:\/\/www.kelmis.be\/fr\/wp-json\/wp\/v2\/posts\/16605\/revisions\/16610"}],"wp:featuredmedia":[{"embeddable":true,"href":"https:\/\/www.kelmis.be\/fr\/wp-json\/wp\/v2\/media\/16607"}],"wp:attachment":[{"href":"https:\/\/www.kelmis.be\/fr\/wp-json\/wp\/v2\/media?parent=16605"}],"wp:term":[{"taxonomy":"category","embeddable":true,"href":"https:\/\/www.kelmis.be\/fr\/wp-json\/wp\/v2\/categories?post=16605"},{"taxonomy":"post_tag","embeddable":true,"href":"https:\/\/www.kelmis.be\/fr\/wp-json\/wp\/v2\/tags?post=16605"}],"curies":[{"name":"wp","href":"https:\/\/api.w.org\/{rel}","templated":true}]}}