{"id":16588,"date":"2025-05-26T11:10:06","date_gmt":"2025-05-26T09:10:06","guid":{"rendered":"https:\/\/www.kelmis.be\/?p=16588"},"modified":"2025-05-26T11:15:34","modified_gmt":"2025-05-26T09:15:34","slug":"formations-cyclistes-dans-notre-commune","status":"publish","type":"post","link":"https:\/\/www.kelmis.be\/fr\/evenement\/formations-cyclistes-dans-notre-commune","title":{"rendered":"Formations cyclistes dans notre commune"},"content":{"rendered":"<p>La zone de police de Vesdre-Gueule et l&rsquo;asbl \u00ab Fahr mit \u00bb proposent ensemble des formations afin de pr\u00e9parer les cyclistes \u00e0 la circulation. Des formations de trois heures sont r\u00e9guli\u00e8rement propos\u00e9es dans le Nord de la Communaut\u00e9 germanophone.<\/p>\n<p>Au cours d&rsquo;une pr\u00e9sentation interactive, les connaissances de base des participants sont d&rsquo;abord test\u00e9es et le code de la route en rapport avec le cyclisme est abord\u00e9. S&rsquo;ensuit une promenade \u00e0 v\u00e9lo dans la localit\u00e9, y compris des conseils sur des situations concr\u00e8tes.<\/p>\n<p><strong>Conditions requises pour participer \u00e0 ce cours :<\/strong><\/p>\n<p>Avoir au moins 18 ans,<\/p>\n<p>Ma\u00eetriser le v\u00e9lo en toute s\u00e9curit\u00e9,<\/p>\n<p>Apporter son propre v\u00e9lo en parfait \u00e9tat technique : pneus gonfl\u00e9s, freins en bon \u00e9tat, lampes et r\u00e9flecteurs correctement install\u00e9s. En outre, un gilet fluorescent et un casque de v\u00e9lo.<\/p>\n<p>Vous souhaitez vous aussi apprendre \u00e0 faire du v\u00e9lo en toute s\u00e9curit\u00e9 dans la circulation ? Alors choisissez une activit\u00e9 (en fran\u00e7ais ou en allemand) et inscrivez-vous via <strong><a href=\"https:\/\/fahrmit.be\/aktionen\/my-bike-me-anmeldung\/\">ce formulaire en ligne<\/a><\/strong>.<\/p>\n<p>Les groupes de 10 \u00e0 15 personnes ont la possibilit\u00e9 de r\u00e9server un cours en dehors des dates pr\u00e9vues.<\/p>\n<p>Des formations sont \u00e9galement propos\u00e9es dans notre commune. Le lieu de ces formations est l&rsquo;\u00e9cole communale de Hergenrath.<\/p>\n<p>Vous avez une autre question ? Envoyez un e-mail \u00e0 cs@fahrmit.be<\/p>\n<p><strong>Les dates suivantes sont actuellement propos\u00e9es \u00e0 La Calamine :<\/strong><\/p>\n<p>Jeudi 26 juin \u00e0 18h (fran\u00e7ais)<\/p>\n<p>Samedi 13 septembre \u00e0 9h<\/p>\n<p>Mercredi 24 septembre \u00e0 18h (fran\u00e7ais)<\/p>\n","protected":false},"excerpt":{"rendered":"La zone de police de Vesdre-Gueule et l&rsquo;asbl \u00ab Fahr mit \u00bb proposent ensemble des formations afin de pr\u00e9parer les cyclistes \u00e0 la circulation. Des formations de trois heures sont r\u00e9guli\u00e8rement propos\u00e9es dans le Nord de la Communaut\u00e9 germanophone. Au cours d&rsquo;une pr\u00e9sentation interactive, les connaissances de base des participants sont d&rsquo;abord test\u00e9es et le [&hellip;]","protected":false},"author":2,"featured_media":16589,"comment_status":"closed","ping_status":"closed","sticky":false,"template":"","format":"standard","meta":{"_acf_changed":false,"footnotes":""},"categories":[73],"tags":[],"class_list":["post-16588","post","type-post","status-publish","format-standard","has-post-thumbnail","hentry","category-evenement"],"acf":[],"_links":{"self":[{"href":"https:\/\/www.kelmis.be\/fr\/wp-json\/wp\/v2\/posts\/16588","targetHints":{"allow":["GET"]}}],"collection":[{"href":"https:\/\/www.kelmis.be\/fr\/wp-json\/wp\/v2\/posts"}],"about":[{"href":"https:\/\/www.kelmis.be\/fr\/wp-json\/wp\/v2\/types\/post"}],"author":[{"embeddable":true,"href":"https:\/\/www.kelmis.be\/fr\/wp-json\/wp\/v2\/users\/2"}],"replies":[{"embeddable":true,"href":"https:\/\/www.kelmis.be\/fr\/wp-json\/wp\/v2\/comments?post=16588"}],"version-history":[{"count":1,"href":"https:\/\/www.kelmis.be\/fr\/wp-json\/wp\/v2\/posts\/16588\/revisions"}],"predecessor-version":[{"id":16590,"href":"https:\/\/www.kelmis.be\/fr\/wp-json\/wp\/v2\/posts\/16588\/revisions\/16590"}],"wp:featuredmedia":[{"embeddable":true,"href":"https:\/\/www.kelmis.be\/fr\/wp-json\/wp\/v2\/media\/16589"}],"wp:attachment":[{"href":"https:\/\/www.kelmis.be\/fr\/wp-json\/wp\/v2\/media?parent=16588"}],"wp:term":[{"taxonomy":"category","embeddable":true,"href":"https:\/\/www.kelmis.be\/fr\/wp-json\/wp\/v2\/categories?post=16588"},{"taxonomy":"post_tag","embeddable":true,"href":"https:\/\/www.kelmis.be\/fr\/wp-json\/wp\/v2\/tags?post=16588"}],"curies":[{"name":"wp","href":"https:\/\/api.w.org\/{rel}","templated":true}]}}