{"id":16576,"date":"2025-05-21T10:58:15","date_gmt":"2025-05-21T08:58:15","guid":{"rendered":"https:\/\/www.kelmis.be\/?p=16576"},"modified":"2025-05-21T10:59:45","modified_gmt":"2025-05-21T08:59:45","slug":"attention-moustique-tigre","status":"publish","type":"post","link":"https:\/\/www.kelmis.be\/fr\/depuis-la-maison-communale\/attention-moustique-tigre","title":{"rendered":"Attention moustique tigre !"},"content":{"rendered":"<p>Vous l&rsquo;avez sans doute lu dans les m\u00e9dias : Le moustique tigre se propage en Belgique. Le portail du minist\u00e8re de la Communaut\u00e9 germanophone fournit des informations int\u00e9ressantes \u00e0 ce sujet sur <strong><a href=\"https:\/\/ostbelgienlive.be\/desktopdefault.aspx\/tabid-326\/5781_read-67375\/\">ce site web<\/a><\/strong>.<\/p>\n<p>La surveillance du moustique tigre repose en grande partie sur la vigilance des citoyens. Gr\u00e2ce aux signalements de la population, les moustiques tigres peuvent \u00eatre d\u00e9tect\u00e9s imm\u00e9diatement, ce qui permet de prendre des mesures de contr\u00f4le cibl\u00e9es et efficaces.<\/p>\n<p>Le minist\u00e8re wallon de l&rsquo;Environnement demande \u00e0 toute personne qui pense avoir rep\u00e9r\u00e9 le petit moustique ray\u00e9 noir et blanc de prendre une photo et de la t\u00e9l\u00e9charger sur <strong><a href=\"http:\/\/www.surveillancemoustiques.be\">ce site<\/a><\/strong>.<\/p>\n","protected":false},"excerpt":{"rendered":"Vous l&rsquo;avez sans doute lu dans les m\u00e9dias : Le moustique tigre se propage en Belgique. Le portail du minist\u00e8re de la Communaut\u00e9 germanophone fournit des informations int\u00e9ressantes \u00e0 ce sujet sur ce site web. La surveillance du moustique tigre repose en grande partie sur la vigilance des citoyens. Gr\u00e2ce aux signalements de la population, [&hellip;]","protected":false},"author":2,"featured_media":16577,"comment_status":"closed","ping_status":"closed","sticky":false,"template":"","format":"standard","meta":{"_acf_changed":false,"footnotes":""},"categories":[71],"tags":[],"class_list":["post-16576","post","type-post","status-publish","format-standard","has-post-thumbnail","hentry","category-depuis-la-maison-communale"],"acf":[],"_links":{"self":[{"href":"https:\/\/www.kelmis.be\/fr\/wp-json\/wp\/v2\/posts\/16576","targetHints":{"allow":["GET"]}}],"collection":[{"href":"https:\/\/www.kelmis.be\/fr\/wp-json\/wp\/v2\/posts"}],"about":[{"href":"https:\/\/www.kelmis.be\/fr\/wp-json\/wp\/v2\/types\/post"}],"author":[{"embeddable":true,"href":"https:\/\/www.kelmis.be\/fr\/wp-json\/wp\/v2\/users\/2"}],"replies":[{"embeddable":true,"href":"https:\/\/www.kelmis.be\/fr\/wp-json\/wp\/v2\/comments?post=16576"}],"version-history":[{"count":1,"href":"https:\/\/www.kelmis.be\/fr\/wp-json\/wp\/v2\/posts\/16576\/revisions"}],"predecessor-version":[{"id":16578,"href":"https:\/\/www.kelmis.be\/fr\/wp-json\/wp\/v2\/posts\/16576\/revisions\/16578"}],"wp:featuredmedia":[{"embeddable":true,"href":"https:\/\/www.kelmis.be\/fr\/wp-json\/wp\/v2\/media\/16577"}],"wp:attachment":[{"href":"https:\/\/www.kelmis.be\/fr\/wp-json\/wp\/v2\/media?parent=16576"}],"wp:term":[{"taxonomy":"category","embeddable":true,"href":"https:\/\/www.kelmis.be\/fr\/wp-json\/wp\/v2\/categories?post=16576"},{"taxonomy":"post_tag","embeddable":true,"href":"https:\/\/www.kelmis.be\/fr\/wp-json\/wp\/v2\/tags?post=16576"}],"curies":[{"name":"wp","href":"https:\/\/api.w.org\/{rel}","templated":true}]}}