{"id":16563,"date":"2025-05-20T12:58:59","date_gmt":"2025-05-20T10:58:59","guid":{"rendered":"https:\/\/www.kelmis.be\/?p=16563"},"modified":"2025-05-20T12:58:59","modified_gmt":"2025-05-20T10:58:59","slug":"extension-de-la-fibre-optique-travaux-a-hergenrath","status":"publish","type":"post","link":"https:\/\/www.kelmis.be\/fr\/non-classifiee\/extension-de-la-fibre-optique-travaux-a-hergenrath","title":{"rendered":"Extension de la fibre optique : Travaux \u00e0 Hergenrath"},"content":{"rendered":"<p>Des travaux de r\u00e9paration de pav\u00e9s ont d\u00e9but\u00e9 ce matin au centre du village de Hergenrath, dans le cadre du d\u00e9ploiement de la fibre optique dans notre commune. Des sondages de contr\u00f4le sur le territoire communal avaient r\u00e9v\u00e9l\u00e9 plusieurs d\u00e9fauts dans l&rsquo;infrastructure. Les travaux actuels concernent le tron\u00e7on V\u00f6lkersberg jusqu&rsquo;au rond-point. Des feux de signalisation sont pr\u00e9vus. L&rsquo;entreprise Glasfaser Ostbelgien est responsable du chantier.<\/p>\n","protected":false},"excerpt":{"rendered":"Des travaux de r\u00e9paration de pav\u00e9s ont d\u00e9but\u00e9 ce matin au centre du village de Hergenrath, dans le cadre du d\u00e9ploiement de la fibre optique dans notre commune. Des sondages de contr\u00f4le sur le territoire communal avaient r\u00e9v\u00e9l\u00e9 plusieurs d\u00e9fauts dans l&rsquo;infrastructure. Les travaux actuels concernent le tron\u00e7on V\u00f6lkersberg jusqu&rsquo;au rond-point. Des feux de signalisation [&hellip;]","protected":false},"author":2,"featured_media":16564,"comment_status":"closed","ping_status":"closed","sticky":false,"template":"","format":"standard","meta":{"_acf_changed":false,"footnotes":""},"categories":[4],"tags":[],"class_list":["post-16563","post","type-post","status-publish","format-standard","has-post-thumbnail","hentry","category-non-classifiee"],"acf":[],"_links":{"self":[{"href":"https:\/\/www.kelmis.be\/fr\/wp-json\/wp\/v2\/posts\/16563","targetHints":{"allow":["GET"]}}],"collection":[{"href":"https:\/\/www.kelmis.be\/fr\/wp-json\/wp\/v2\/posts"}],"about":[{"href":"https:\/\/www.kelmis.be\/fr\/wp-json\/wp\/v2\/types\/post"}],"author":[{"embeddable":true,"href":"https:\/\/www.kelmis.be\/fr\/wp-json\/wp\/v2\/users\/2"}],"replies":[{"embeddable":true,"href":"https:\/\/www.kelmis.be\/fr\/wp-json\/wp\/v2\/comments?post=16563"}],"version-history":[{"count":1,"href":"https:\/\/www.kelmis.be\/fr\/wp-json\/wp\/v2\/posts\/16563\/revisions"}],"predecessor-version":[{"id":16565,"href":"https:\/\/www.kelmis.be\/fr\/wp-json\/wp\/v2\/posts\/16563\/revisions\/16565"}],"wp:featuredmedia":[{"embeddable":true,"href":"https:\/\/www.kelmis.be\/fr\/wp-json\/wp\/v2\/media\/16564"}],"wp:attachment":[{"href":"https:\/\/www.kelmis.be\/fr\/wp-json\/wp\/v2\/media?parent=16563"}],"wp:term":[{"taxonomy":"category","embeddable":true,"href":"https:\/\/www.kelmis.be\/fr\/wp-json\/wp\/v2\/categories?post=16563"},{"taxonomy":"post_tag","embeddable":true,"href":"https:\/\/www.kelmis.be\/fr\/wp-json\/wp\/v2\/tags?post=16563"}],"curies":[{"name":"wp","href":"https:\/\/api.w.org\/{rel}","templated":true}]}}