{"id":16556,"date":"2025-05-20T10:22:40","date_gmt":"2025-05-20T08:22:40","guid":{"rendered":"https:\/\/www.kelmis.be\/?p=16556"},"modified":"2025-05-20T10:26:31","modified_gmt":"2025-05-20T08:26:31","slug":"greve-de-la-cgsp-dans-les-services-publics-recypark-calaminois-ferme","status":"publish","type":"post","link":"https:\/\/www.kelmis.be\/fr\/actualite-dans-la-commune\/greve-de-la-cgsp-dans-les-services-publics-recypark-calaminois-ferme","title":{"rendered":"Gr\u00e8ve de la CGSP dans les services publics : Recypark calaminois ferm\u00e9"},"content":{"rendered":"<p>En raison d&rsquo;une gr\u00e8ve nationale du syndicat CGSP dans les services publics, le Recyparc de notre commune est ferm\u00e9 ce mardi. C&rsquo;est ce que nous a communiqu\u00e9 Intradel.<\/p>\n","protected":false},"excerpt":{"rendered":"En raison d&rsquo;une gr\u00e8ve nationale du syndicat CGSP dans les services publics, le Recyparc de notre commune est ferm\u00e9 ce mardi. C&rsquo;est ce que nous a communiqu\u00e9 Intradel.","protected":false},"author":2,"featured_media":16557,"comment_status":"closed","ping_status":"closed","sticky":false,"template":"","format":"standard","meta":{"_acf_changed":false,"footnotes":""},"categories":[70],"tags":[],"class_list":["post-16556","post","type-post","status-publish","format-standard","has-post-thumbnail","hentry","category-actualite-dans-la-commune"],"acf":[],"_links":{"self":[{"href":"https:\/\/www.kelmis.be\/fr\/wp-json\/wp\/v2\/posts\/16556","targetHints":{"allow":["GET"]}}],"collection":[{"href":"https:\/\/www.kelmis.be\/fr\/wp-json\/wp\/v2\/posts"}],"about":[{"href":"https:\/\/www.kelmis.be\/fr\/wp-json\/wp\/v2\/types\/post"}],"author":[{"embeddable":true,"href":"https:\/\/www.kelmis.be\/fr\/wp-json\/wp\/v2\/users\/2"}],"replies":[{"embeddable":true,"href":"https:\/\/www.kelmis.be\/fr\/wp-json\/wp\/v2\/comments?post=16556"}],"version-history":[{"count":1,"href":"https:\/\/www.kelmis.be\/fr\/wp-json\/wp\/v2\/posts\/16556\/revisions"}],"predecessor-version":[{"id":16558,"href":"https:\/\/www.kelmis.be\/fr\/wp-json\/wp\/v2\/posts\/16556\/revisions\/16558"}],"wp:featuredmedia":[{"embeddable":true,"href":"https:\/\/www.kelmis.be\/fr\/wp-json\/wp\/v2\/media\/16557"}],"wp:attachment":[{"href":"https:\/\/www.kelmis.be\/fr\/wp-json\/wp\/v2\/media?parent=16556"}],"wp:term":[{"taxonomy":"category","embeddable":true,"href":"https:\/\/www.kelmis.be\/fr\/wp-json\/wp\/v2\/categories?post=16556"},{"taxonomy":"post_tag","embeddable":true,"href":"https:\/\/www.kelmis.be\/fr\/wp-json\/wp\/v2\/tags?post=16556"}],"curies":[{"name":"wp","href":"https:\/\/api.w.org\/{rel}","templated":true}]}}