{"id":16547,"date":"2025-05-19T10:21:42","date_gmt":"2025-05-19T08:21:42","guid":{"rendered":"https:\/\/www.kelmis.be\/?p=16547"},"modified":"2025-05-19T10:21:42","modified_gmt":"2025-05-19T08:21:42","slug":"drapeau-arc-en-ciel-sur-la-maison-communale","status":"publish","type":"post","link":"https:\/\/www.kelmis.be\/fr\/depuis-la-maison-communale\/drapeau-arc-en-ciel-sur-la-maison-communale","title":{"rendered":"Drapeau arc-en-ciel sur la maison communale"},"content":{"rendered":"<p>Notre commune participe \u00e0 la campagne de l&rsquo;asbl \u00ab Maison Arc-en-ciel \u00bb de Verviers et hisse pendant un mois le drapeau arc-en-ciel de la communaut\u00e9 LGBTQI+ sur la maison communale. La campagne a d\u00e9but\u00e9 le 17 mai, Journ\u00e9e internationale contre l&rsquo;homophobie, la biphobie, l&rsquo;interphobie et la transphobie.<\/p>\n","protected":false},"excerpt":{"rendered":"Notre commune participe \u00e0 la campagne de l&rsquo;asbl \u00ab Maison Arc-en-ciel \u00bb de Verviers et hisse pendant un mois le drapeau arc-en-ciel de la communaut\u00e9 LGBTQI+ sur la maison communale. La campagne a d\u00e9but\u00e9 le 17 mai, Journ\u00e9e internationale contre l&rsquo;homophobie, la biphobie, l&rsquo;interphobie et la transphobie.","protected":false},"author":2,"featured_media":16548,"comment_status":"closed","ping_status":"closed","sticky":false,"template":"","format":"standard","meta":{"_acf_changed":false,"footnotes":""},"categories":[71],"tags":[],"class_list":["post-16547","post","type-post","status-publish","format-standard","has-post-thumbnail","hentry","category-depuis-la-maison-communale"],"acf":[],"_links":{"self":[{"href":"https:\/\/www.kelmis.be\/fr\/wp-json\/wp\/v2\/posts\/16547","targetHints":{"allow":["GET"]}}],"collection":[{"href":"https:\/\/www.kelmis.be\/fr\/wp-json\/wp\/v2\/posts"}],"about":[{"href":"https:\/\/www.kelmis.be\/fr\/wp-json\/wp\/v2\/types\/post"}],"author":[{"embeddable":true,"href":"https:\/\/www.kelmis.be\/fr\/wp-json\/wp\/v2\/users\/2"}],"replies":[{"embeddable":true,"href":"https:\/\/www.kelmis.be\/fr\/wp-json\/wp\/v2\/comments?post=16547"}],"version-history":[{"count":1,"href":"https:\/\/www.kelmis.be\/fr\/wp-json\/wp\/v2\/posts\/16547\/revisions"}],"predecessor-version":[{"id":16549,"href":"https:\/\/www.kelmis.be\/fr\/wp-json\/wp\/v2\/posts\/16547\/revisions\/16549"}],"wp:featuredmedia":[{"embeddable":true,"href":"https:\/\/www.kelmis.be\/fr\/wp-json\/wp\/v2\/media\/16548"}],"wp:attachment":[{"href":"https:\/\/www.kelmis.be\/fr\/wp-json\/wp\/v2\/media?parent=16547"}],"wp:term":[{"taxonomy":"category","embeddable":true,"href":"https:\/\/www.kelmis.be\/fr\/wp-json\/wp\/v2\/categories?post=16547"},{"taxonomy":"post_tag","embeddable":true,"href":"https:\/\/www.kelmis.be\/fr\/wp-json\/wp\/v2\/tags?post=16547"}],"curies":[{"name":"wp","href":"https:\/\/api.w.org\/{rel}","templated":true}]}}