{"id":16542,"date":"2025-05-19T09:50:09","date_gmt":"2025-05-19T07:50:09","guid":{"rendered":"https:\/\/www.kelmis.be\/?p=16542"},"modified":"2025-05-19T11:25:21","modified_gmt":"2025-05-19T09:25:21","slug":"reunions-du-conseil-communal-programmees-jusqua-la-fin-de-lannee","status":"publish","type":"post","link":"https:\/\/www.kelmis.be\/fr\/depuis-la-maison-communale\/reunions-du-conseil-communal-programmees-jusqua-la-fin-de-lannee","title":{"rendered":"R\u00e9unions du conseil communal programm\u00e9es jusqu&rsquo;\u00e0 la fin de l&rsquo;ann\u00e9e"},"content":{"rendered":"<p>Les r\u00e9unions du conseil communal ont \u00e9t\u00e9 programm\u00e9es jusqu&rsquo;\u00e0 la fin de l&rsquo;ann\u00e9e. Voici les dates : 18 mai, 30 juin, 27 ao\u00fbt, 24 septembre, 29 octobre, 26 novembre, 22 d\u00e9cembre (\u00e0 chaque fois \u00e0 20 heures). Les s\u00e9ances (en langue allemande) seront retransmises en direct sur notre cha\u00eene YouTube. Le lien sera publi\u00e9 le jour de la s\u00e9ance sur notre site web ainsi que sur Facebook et Instagram.<\/p>\n","protected":false},"excerpt":{"rendered":"Les r\u00e9unions du conseil communal ont \u00e9t\u00e9 programm\u00e9es jusqu&rsquo;\u00e0 la fin de l&rsquo;ann\u00e9e. Voici les dates : 18 mai, 30 juin, 27 ao\u00fbt, 24 septembre, 29 octobre, 26 novembre, 22 d\u00e9cembre (\u00e0 chaque fois \u00e0 20 heures). Les s\u00e9ances (en langue allemande) seront retransmises en direct sur notre cha\u00eene YouTube. Le lien sera publi\u00e9 le [&hellip;]","protected":false},"author":2,"featured_media":16294,"comment_status":"closed","ping_status":"closed","sticky":false,"template":"","format":"standard","meta":{"_acf_changed":false,"footnotes":""},"categories":[71],"tags":[],"class_list":["post-16542","post","type-post","status-publish","format-standard","has-post-thumbnail","hentry","category-depuis-la-maison-communale"],"acf":[],"_links":{"self":[{"href":"https:\/\/www.kelmis.be\/fr\/wp-json\/wp\/v2\/posts\/16542","targetHints":{"allow":["GET"]}}],"collection":[{"href":"https:\/\/www.kelmis.be\/fr\/wp-json\/wp\/v2\/posts"}],"about":[{"href":"https:\/\/www.kelmis.be\/fr\/wp-json\/wp\/v2\/types\/post"}],"author":[{"embeddable":true,"href":"https:\/\/www.kelmis.be\/fr\/wp-json\/wp\/v2\/users\/2"}],"replies":[{"embeddable":true,"href":"https:\/\/www.kelmis.be\/fr\/wp-json\/wp\/v2\/comments?post=16542"}],"version-history":[{"count":1,"href":"https:\/\/www.kelmis.be\/fr\/wp-json\/wp\/v2\/posts\/16542\/revisions"}],"predecessor-version":[{"id":16543,"href":"https:\/\/www.kelmis.be\/fr\/wp-json\/wp\/v2\/posts\/16542\/revisions\/16543"}],"wp:featuredmedia":[{"embeddable":true,"href":"https:\/\/www.kelmis.be\/fr\/wp-json\/wp\/v2\/media\/16294"}],"wp:attachment":[{"href":"https:\/\/www.kelmis.be\/fr\/wp-json\/wp\/v2\/media?parent=16542"}],"wp:term":[{"taxonomy":"category","embeddable":true,"href":"https:\/\/www.kelmis.be\/fr\/wp-json\/wp\/v2\/categories?post=16542"},{"taxonomy":"post_tag","embeddable":true,"href":"https:\/\/www.kelmis.be\/fr\/wp-json\/wp\/v2\/tags?post=16542"}],"curies":[{"name":"wp","href":"https:\/\/api.w.org\/{rel}","templated":true}]}}