{"id":16524,"date":"2025-05-13T15:15:28","date_gmt":"2025-05-13T13:15:28","guid":{"rendered":"https:\/\/www.kelmis.be\/?p=16524"},"modified":"2025-05-13T15:16:53","modified_gmt":"2025-05-13T13:16:53","slug":"graffitis-a-notre-piscine-communale-la-rca-a-porte-plainte","status":"publish","type":"post","link":"https:\/\/www.kelmis.be\/fr\/actualite-dans-la-commune\/graffitis-a-notre-piscine-communale-la-rca-a-porte-plainte","title":{"rendered":"Graffitis \u00e0 notre piscine communale : la RCA a port\u00e9 plainte"},"content":{"rendered":"<p>Des d\u00e9g\u00e2ts mat\u00e9riels ont \u00e0 nouveau \u00e9t\u00e9 caus\u00e9s par des graffitis \u00e0 notre piscine communale. La R\u00e9gie communale autonome Galmei a imm\u00e9diatement d\u00e9pos\u00e9 plainte aupr\u00e8s de la police et esp\u00e8re recevoir des informations de la part de la population afin d&rsquo;identifier les responsables.<\/p>\n<p>\u00ab Nous ne tol\u00e9rerons pas un tel comportement r\u00e9pr\u00e9hensible \u00e0 l&rsquo;\u00e9gard de la propri\u00e9t\u00e9 publique \u00bb, explique Bj\u00f6rn Klinkenberg, administrateur d\u00e9l\u00e9gu\u00e9 de la RCA. \u00ab Ce comportement est non seulement irrespectueux de la propri\u00e9t\u00e9 publique, mais il entra\u00eene \u00e9galement des co\u00fbts qui, en fin de compte, doivent \u00eatre support\u00e9s par l&rsquo;ensemble de la communaut\u00e9 \u00bb.<\/p>\n<p>La commune prie les t\u00e9moins qui auraient fait des observations suspectes dans ce contexte ou qui pourraient fournir des informations utiles de prendre directement contact avec le poste de police de La Calamine.<\/p>\n<p>Contact pour tout renseignement :<\/p>\n<p>Poste de police de La Calamine &#8211; T\u00e9l. 087 45 04 60<\/p>\n","protected":false},"excerpt":{"rendered":"Des d\u00e9g\u00e2ts mat\u00e9riels ont \u00e0 nouveau \u00e9t\u00e9 caus\u00e9s par des graffitis \u00e0 notre piscine communale. La R\u00e9gie communale autonome Galmei a imm\u00e9diatement d\u00e9pos\u00e9 plainte aupr\u00e8s de la police et esp\u00e8re recevoir des informations de la part de la population afin d&rsquo;identifier les responsables. \u00ab Nous ne tol\u00e9rerons pas un tel comportement r\u00e9pr\u00e9hensible \u00e0 l&rsquo;\u00e9gard de [&hellip;]","protected":false},"author":2,"featured_media":16525,"comment_status":"closed","ping_status":"closed","sticky":false,"template":"","format":"standard","meta":{"_acf_changed":false,"footnotes":""},"categories":[70],"tags":[],"class_list":["post-16524","post","type-post","status-publish","format-standard","has-post-thumbnail","hentry","category-actualite-dans-la-commune"],"acf":[],"_links":{"self":[{"href":"https:\/\/www.kelmis.be\/fr\/wp-json\/wp\/v2\/posts\/16524","targetHints":{"allow":["GET"]}}],"collection":[{"href":"https:\/\/www.kelmis.be\/fr\/wp-json\/wp\/v2\/posts"}],"about":[{"href":"https:\/\/www.kelmis.be\/fr\/wp-json\/wp\/v2\/types\/post"}],"author":[{"embeddable":true,"href":"https:\/\/www.kelmis.be\/fr\/wp-json\/wp\/v2\/users\/2"}],"replies":[{"embeddable":true,"href":"https:\/\/www.kelmis.be\/fr\/wp-json\/wp\/v2\/comments?post=16524"}],"version-history":[{"count":1,"href":"https:\/\/www.kelmis.be\/fr\/wp-json\/wp\/v2\/posts\/16524\/revisions"}],"predecessor-version":[{"id":16530,"href":"https:\/\/www.kelmis.be\/fr\/wp-json\/wp\/v2\/posts\/16524\/revisions\/16530"}],"wp:featuredmedia":[{"embeddable":true,"href":"https:\/\/www.kelmis.be\/fr\/wp-json\/wp\/v2\/media\/16525"}],"wp:attachment":[{"href":"https:\/\/www.kelmis.be\/fr\/wp-json\/wp\/v2\/media?parent=16524"}],"wp:term":[{"taxonomy":"category","embeddable":true,"href":"https:\/\/www.kelmis.be\/fr\/wp-json\/wp\/v2\/categories?post=16524"},{"taxonomy":"post_tag","embeddable":true,"href":"https:\/\/www.kelmis.be\/fr\/wp-json\/wp\/v2\/tags?post=16524"}],"curies":[{"name":"wp","href":"https:\/\/api.w.org\/{rel}","templated":true}]}}