{"id":16515,"date":"2025-05-13T12:56:34","date_gmt":"2025-05-13T10:56:34","guid":{"rendered":"https:\/\/www.kelmis.be\/?p=16515"},"modified":"2025-05-16T17:12:24","modified_gmt":"2025-05-16T15:12:24","slug":"la-course-cycliste-tryptique-ardennais-en-visite-dans-notre-commune-ce-samedi","status":"publish","type":"post","link":"https:\/\/www.kelmis.be\/fr\/evenement\/la-course-cycliste-tryptique-ardennais-en-visite-dans-notre-commune-ce-samedi","title":{"rendered":"La course cycliste Triptyque Ardennais en visite dans notre commune ce samedi"},"content":{"rendered":"<p>Samedi 17 mai, notre commune accueillera l&rsquo;arriv\u00e9e de la deuxi\u00e8me \u00e9tape de la c\u00e9l\u00e8bre course cycliste de trois jours, le Triptyque Ardennais. Cette deuxi\u00e8me \u00e9tape, d&rsquo;une distance de 147 kilom\u00e8tres, partira \u00e0 12h30 de la commune de Plombi\u00e8res.<\/p>\n<p>Les coureurs traverseront quatre fois notre commune. Vers 12h49, 14h27, 14h54 et 15h50, ils seront attendus sur la route de Li\u00e8ge. De l\u00e0, ils prendront chaque fois la direction de Hagenfeuer, Krickelstein, rue Neuve, rue de la Calamine, rue du Parc et rue de Moresnet. L&rsquo;arriv\u00e9e est pr\u00e9vue vers 15h50 dans la rue des Carabiniers.<\/p>\n<p>Les rues suivantes seront temporairement ferm\u00e9es (au passage des coureurs) le 17 mai entre 10 et 17 heures : Rue de Li\u00e8ge, Hagenfeuer, Krickelstein, rue Neuve, rue de la Calamine, rue du Parc et rue Moresnet.<\/p>\n<p>Dans les rues suivantes, l&rsquo;arr\u00eat et le stationnement sont interdits des deux c\u00f4t\u00e9s entre 10 et 17 heures : Hagenfeuer, Krickelstein, rue des Carabiniers, rue de la Calamine et site de la Coul, \u00e0 l&rsquo;exception des organisateurs.<\/p>\n<p>La rue des Carabiniers sera interdite \u00e0 toute circulation le 17 mai de 10 \u00e0 17 heures, \u00e0 l&rsquo;exception de l&rsquo;organisation et des participants.<\/p>\n<p>Parmi les favoris de la course figurent les sp\u00e9cialistes du cyclo-cross Pim Ronhaar (Pays-Bas), Lars van der Haar (Pays-Bas) et Felipe Orts (Espagne).<\/p>\n<p>Toutes les infos sur l&rsquo;\u00e9v\u00e9nement sur <strong><a href=\"https:\/\/triptyqueardennais.be\/\">ce site<\/a><\/strong>.<\/p>\n","protected":false},"excerpt":{"rendered":"Samedi 17 mai, notre commune accueillera l&rsquo;arriv\u00e9e de la deuxi\u00e8me \u00e9tape de la c\u00e9l\u00e8bre course cycliste de trois jours, le Triptyque Ardennais. Cette deuxi\u00e8me \u00e9tape, d&rsquo;une distance de 147 kilom\u00e8tres, partira \u00e0 12h30 de la commune de Plombi\u00e8res. Les coureurs traverseront quatre fois notre commune. Vers 12h49, 14h27, 14h54 et 15h50, ils seront attendus sur [&hellip;]","protected":false},"author":2,"featured_media":16516,"comment_status":"closed","ping_status":"closed","sticky":false,"template":"","format":"standard","meta":{"_acf_changed":false,"footnotes":""},"categories":[73],"tags":[],"class_list":["post-16515","post","type-post","status-publish","format-standard","has-post-thumbnail","hentry","category-evenement"],"acf":[],"_links":{"self":[{"href":"https:\/\/www.kelmis.be\/fr\/wp-json\/wp\/v2\/posts\/16515","targetHints":{"allow":["GET"]}}],"collection":[{"href":"https:\/\/www.kelmis.be\/fr\/wp-json\/wp\/v2\/posts"}],"about":[{"href":"https:\/\/www.kelmis.be\/fr\/wp-json\/wp\/v2\/types\/post"}],"author":[{"embeddable":true,"href":"https:\/\/www.kelmis.be\/fr\/wp-json\/wp\/v2\/users\/2"}],"replies":[{"embeddable":true,"href":"https:\/\/www.kelmis.be\/fr\/wp-json\/wp\/v2\/comments?post=16515"}],"version-history":[{"count":3,"href":"https:\/\/www.kelmis.be\/fr\/wp-json\/wp\/v2\/posts\/16515\/revisions"}],"predecessor-version":[{"id":16538,"href":"https:\/\/www.kelmis.be\/fr\/wp-json\/wp\/v2\/posts\/16515\/revisions\/16538"}],"wp:featuredmedia":[{"embeddable":true,"href":"https:\/\/www.kelmis.be\/fr\/wp-json\/wp\/v2\/media\/16516"}],"wp:attachment":[{"href":"https:\/\/www.kelmis.be\/fr\/wp-json\/wp\/v2\/media?parent=16515"}],"wp:term":[{"taxonomy":"category","embeddable":true,"href":"https:\/\/www.kelmis.be\/fr\/wp-json\/wp\/v2\/categories?post=16515"},{"taxonomy":"post_tag","embeddable":true,"href":"https:\/\/www.kelmis.be\/fr\/wp-json\/wp\/v2\/tags?post=16515"}],"curies":[{"name":"wp","href":"https:\/\/api.w.org\/{rel}","templated":true}]}}