{"id":16500,"date":"2025-05-08T10:39:49","date_gmt":"2025-05-08T08:39:49","guid":{"rendered":"https:\/\/www.kelmis.be\/?p=16500"},"modified":"2025-05-08T10:40:45","modified_gmt":"2025-05-08T08:40:45","slug":"journees-de-leurope-aux-trois-bornes-ce-week-end-la-calamine-participe","status":"publish","type":"post","link":"https:\/\/www.kelmis.be\/fr\/evenement\/journees-de-leurope-aux-trois-bornes-ce-week-end-la-calamine-participe","title":{"rendered":"Journ\u00e9es de l&rsquo;Europe aux Trois Bornes ce week-end: La Calamine participe"},"content":{"rendered":"<p>Le vendredi 9 et le samedi 10 mai, les Journ\u00e9es de l&rsquo;Europe auront lieu aux Trois Bornes. L&rsquo;\u00e9v\u00e9nement est organis\u00e9 par la Commission europ\u00e9enne. Notre commune sera au d\u00e9part de cette grande manifestation. Le mus\u00e9e Vieille Montagne tiendra un stand pendant les deux jours et animera en outre des randonn\u00e9es int\u00e9ressantes \u00e0 travers la r\u00e9gion frontali\u00e8re. Les \u00e9l\u00e8ves du secondaire de l&rsquo;Ath\u00e9n\u00e9e C\u00e9sar Franck, sous la direction de leur professeur d&rsquo;histoire, Dr. Alain Brose, ont contribu\u00e9 avec des travaux int\u00e9ressants en rapport avec l&rsquo;histoire de la r\u00e9gion frontali\u00e8re. Les travaux peuvent \u00eatre t\u00e9l\u00e9charg\u00e9s <strong><a href=\"https:\/\/www.kelmis.be\/veranstaltung\/europatage-am-dreilaenderpunkt-an-diesem-wochenende-gemeinde-kelmis-macht-mit\">ici<\/a><\/strong>.<\/p>\n<p>Le programme du vendredi d\u00e9bute \u00e0 13h30. Le samedi d\u00e9butera \u00e0 10 heures et se terminera \u00e0 16 heures.<\/p>\n<p>Tous les d\u00e9tails sur la manifestation sur <strong><a href=\"https:\/\/belgium.representation.ec.europa.eu\/evenements\/trois-frontieres-europeennes-celebrent-lunion-europeenne-en-ce-9-mai-2025-au-mont-de-vaals-2025-05-09_fr\">cette page<\/a><\/strong>.<\/p>\n<p>&nbsp;<\/p>\n","protected":false},"excerpt":{"rendered":"Le vendredi 9 et le samedi 10 mai, les Journ\u00e9es de l&rsquo;Europe auront lieu aux Trois Bornes. L&rsquo;\u00e9v\u00e9nement est organis\u00e9 par la Commission europ\u00e9enne. Notre commune sera au d\u00e9part de cette grande manifestation. Le mus\u00e9e Vieille Montagne tiendra un stand pendant les deux jours et animera en outre des randonn\u00e9es int\u00e9ressantes \u00e0 travers la r\u00e9gion [&hellip;]","protected":false},"author":2,"featured_media":16501,"comment_status":"closed","ping_status":"closed","sticky":false,"template":"","format":"standard","meta":{"_acf_changed":false,"footnotes":""},"categories":[73],"tags":[],"class_list":["post-16500","post","type-post","status-publish","format-standard","has-post-thumbnail","hentry","category-evenement"],"acf":[],"_links":{"self":[{"href":"https:\/\/www.kelmis.be\/fr\/wp-json\/wp\/v2\/posts\/16500","targetHints":{"allow":["GET"]}}],"collection":[{"href":"https:\/\/www.kelmis.be\/fr\/wp-json\/wp\/v2\/posts"}],"about":[{"href":"https:\/\/www.kelmis.be\/fr\/wp-json\/wp\/v2\/types\/post"}],"author":[{"embeddable":true,"href":"https:\/\/www.kelmis.be\/fr\/wp-json\/wp\/v2\/users\/2"}],"replies":[{"embeddable":true,"href":"https:\/\/www.kelmis.be\/fr\/wp-json\/wp\/v2\/comments?post=16500"}],"version-history":[{"count":2,"href":"https:\/\/www.kelmis.be\/fr\/wp-json\/wp\/v2\/posts\/16500\/revisions"}],"predecessor-version":[{"id":16503,"href":"https:\/\/www.kelmis.be\/fr\/wp-json\/wp\/v2\/posts\/16500\/revisions\/16503"}],"wp:featuredmedia":[{"embeddable":true,"href":"https:\/\/www.kelmis.be\/fr\/wp-json\/wp\/v2\/media\/16501"}],"wp:attachment":[{"href":"https:\/\/www.kelmis.be\/fr\/wp-json\/wp\/v2\/media?parent=16500"}],"wp:term":[{"taxonomy":"category","embeddable":true,"href":"https:\/\/www.kelmis.be\/fr\/wp-json\/wp\/v2\/categories?post=16500"},{"taxonomy":"post_tag","embeddable":true,"href":"https:\/\/www.kelmis.be\/fr\/wp-json\/wp\/v2\/tags?post=16500"}],"curies":[{"name":"wp","href":"https:\/\/api.w.org\/{rel}","templated":true}]}}