{"id":16435,"date":"2025-04-24T17:45:25","date_gmt":"2025-04-24T15:45:25","guid":{"rendered":"https:\/\/www.kelmis.be\/?p=16435"},"modified":"2025-04-24T17:45:49","modified_gmt":"2025-04-24T15:45:49","slug":"numero-17-du-kelmis-magazine-disponible-le-6-mai-nathalie-kohl-sur-la-une","status":"publish","type":"post","link":"https:\/\/www.kelmis.be\/fr\/actualite-dans-la-commune\/numero-17-du-kelmis-magazine-disponible-le-6-mai-nathalie-kohl-sur-la-une","title":{"rendered":"Num\u00e9ro 17 du Kelmis magazine disponible le 6 mai : Nathalie Kohl sur la Une"},"content":{"rendered":"<p>Le 6 mai, la 17e \u00e9dition de notre Kelmis magazine para\u00eetra.<br \/>\nLa Une est consacr\u00e9e \u00e0 notre collaboratrice Nathalie Kohl. Nathalie travaille depuis de tr\u00e8s nombreuses ann\u00e9es pour le secr\u00e9tariat de l&rsquo;administration. Pendant son temps libre, elle se distingue comme une maquilleuse talentueuse.<br \/>\nPar le pass\u00e9, elle a par exemple maquill\u00e9 le c\u00e9l\u00e8bre duo de carnaval \u00ab Domm en D\u00f6\u00f6l \u00bb.<br \/>\nLes visages color\u00e9s du \u00ab W\u00e4rme Schw\u00e4rm \u00bb lors du d\u00e9fil\u00e9 du lundi des Roses \u00e9taient \u00e9galement de son fait.Vous lirez tout cela et bien plus encore dans la 17e \u00e9dition du Kelmis magazine.<\/p>\n<p>Si vous souhaitez recevoir un exemplaire imprim\u00e9 du Kelmis magazine, vous pouvez en faire la demande par e-mail (en mentionnant votre adresse): patrick.bildstein@kelmis.be. Le magazine sera alors disponible \u00e0 la maison communale . La date de retrait vous sera communiqu\u00e9e par mail.<br \/>\nLe magazine sera \u00e9galement disponible au mus\u00e9e Vieille Montagne, au CPAS et \u00e0 la maison communale.<br \/>\nPour des raisons de co\u00fbts, il n&rsquo;y a plus de distribution gratuite \u00e0 tous les m\u00e9nages.<br \/>\nLa version en ligne se pr\u00e9sentera depuis peu sous la forme d\u2019un flipbook moderne.<\/p>\n","protected":false},"excerpt":{"rendered":"Le 6 mai, la 17e \u00e9dition de notre Kelmis magazine para\u00eetra. La Une est consacr\u00e9e \u00e0 notre collaboratrice Nathalie Kohl. Nathalie travaille depuis de tr\u00e8s nombreuses ann\u00e9es pour le secr\u00e9tariat de l&rsquo;administration. Pendant son temps libre, elle se distingue comme une maquilleuse talentueuse. Par le pass\u00e9, elle a par exemple maquill\u00e9 le c\u00e9l\u00e8bre duo de [&hellip;]","protected":false},"author":2,"featured_media":16436,"comment_status":"closed","ping_status":"closed","sticky":false,"template":"","format":"standard","meta":{"_acf_changed":false,"footnotes":""},"categories":[70],"tags":[],"class_list":["post-16435","post","type-post","status-publish","format-standard","has-post-thumbnail","hentry","category-actualite-dans-la-commune"],"acf":[],"_links":{"self":[{"href":"https:\/\/www.kelmis.be\/fr\/wp-json\/wp\/v2\/posts\/16435","targetHints":{"allow":["GET"]}}],"collection":[{"href":"https:\/\/www.kelmis.be\/fr\/wp-json\/wp\/v2\/posts"}],"about":[{"href":"https:\/\/www.kelmis.be\/fr\/wp-json\/wp\/v2\/types\/post"}],"author":[{"embeddable":true,"href":"https:\/\/www.kelmis.be\/fr\/wp-json\/wp\/v2\/users\/2"}],"replies":[{"embeddable":true,"href":"https:\/\/www.kelmis.be\/fr\/wp-json\/wp\/v2\/comments?post=16435"}],"version-history":[{"count":2,"href":"https:\/\/www.kelmis.be\/fr\/wp-json\/wp\/v2\/posts\/16435\/revisions"}],"predecessor-version":[{"id":16438,"href":"https:\/\/www.kelmis.be\/fr\/wp-json\/wp\/v2\/posts\/16435\/revisions\/16438"}],"wp:featuredmedia":[{"embeddable":true,"href":"https:\/\/www.kelmis.be\/fr\/wp-json\/wp\/v2\/media\/16436"}],"wp:attachment":[{"href":"https:\/\/www.kelmis.be\/fr\/wp-json\/wp\/v2\/media?parent=16435"}],"wp:term":[{"taxonomy":"category","embeddable":true,"href":"https:\/\/www.kelmis.be\/fr\/wp-json\/wp\/v2\/categories?post=16435"},{"taxonomy":"post_tag","embeddable":true,"href":"https:\/\/www.kelmis.be\/fr\/wp-json\/wp\/v2\/tags?post=16435"}],"curies":[{"name":"wp","href":"https:\/\/api.w.org\/{rel}","templated":true}]}}