{"id":16427,"date":"2025-04-23T15:08:25","date_gmt":"2025-04-23T13:08:25","guid":{"rendered":"https:\/\/www.kelmis.be\/?p=16427"},"modified":"2025-04-23T15:11:27","modified_gmt":"2025-04-23T13:11:27","slug":"ozaki-futur-locataire-du-restaurant-du-select","status":"publish","type":"post","link":"https:\/\/www.kelmis.be\/fr\/actualite-dans-la-commune\/ozaki-futur-locataire-du-restaurant-du-select","title":{"rendered":"Ozaki futur locataire du restaurant du Select"},"content":{"rendered":"<p>L&rsquo;avenir du restaurant du centre culturel Select est assur\u00e9 : Mercredi, la direction du restaurant de sushis Ozaki a sign\u00e9 un contrat de location avec l&rsquo;asbl Centre culturel Select. Le bourgmestre Daniel Hilligsmann, le premier \u00e9chevin Bj\u00f6rn Klinkenberg, notre collaboratrice responsable Ribana Groffy et la direction d&rsquo;Ozaki ont assist\u00e9 \u00e0 la signature. \u00ab Avec Ozaki, nous avons d\u00e9croch\u00e9 un partenaire s\u00e9rieux dont le rayonnement interr\u00e9gional est ind\u00e9niable \u00bb, a d\u00e9clar\u00e9 Daniel Hilligsmann lors de la signature du contrat. \u00ab Nous sommes heureux que l&rsquo;offre gastronomique de notre commune soit enrichie par l&rsquo;\u00e9tablissement d&rsquo;Ozaki. Nous n&rsquo;aurions pas pu r\u00eaver d&rsquo;un meilleur partenaire pour le centre culturel Select \u00bb, a ajout\u00e9 le pr\u00e9sident de l&rsquo;asbl Centre culturel Select, Bj\u00f6rn Klinkenberg.<\/p>\n<p>Le nouveau locataire effectuera dans un avenir proche des travaux de transformation dans la partie restaurant, qui n&rsquo;a pas \u00e9t\u00e9 touch\u00e9e par l&rsquo;accident de bus du Jeudi des Femmes. La date d&rsquo;ouverture exacte sera communiqu\u00e9e par la suite.<\/p>\n<p>En s&rsquo;installant dans notre commune, Ozaki \u00e9tend son r\u00e9seau de restaurants dans la r\u00e9gion : Ozaki est \u00e9galement pr\u00e9sent \u00e0 Aix-la-Chapelle et \u00e0 Eynatten avec des restaurants.<\/p>\n","protected":false},"excerpt":{"rendered":"L&rsquo;avenir du restaurant du centre culturel Select est assur\u00e9 : Mercredi, la direction du restaurant de sushis Ozaki a sign\u00e9 un contrat de location avec l&rsquo;asbl Centre culturel Select. Le bourgmestre Daniel Hilligsmann, le premier \u00e9chevin Bj\u00f6rn Klinkenberg, notre collaboratrice responsable Ribana Groffy et la direction d&rsquo;Ozaki ont assist\u00e9 \u00e0 la signature. \u00ab Avec Ozaki, [&hellip;]","protected":false},"author":2,"featured_media":16428,"comment_status":"closed","ping_status":"closed","sticky":false,"template":"","format":"standard","meta":{"_acf_changed":false,"footnotes":""},"categories":[70],"tags":[],"class_list":["post-16427","post","type-post","status-publish","format-standard","has-post-thumbnail","hentry","category-actualite-dans-la-commune"],"acf":[],"_links":{"self":[{"href":"https:\/\/www.kelmis.be\/fr\/wp-json\/wp\/v2\/posts\/16427","targetHints":{"allow":["GET"]}}],"collection":[{"href":"https:\/\/www.kelmis.be\/fr\/wp-json\/wp\/v2\/posts"}],"about":[{"href":"https:\/\/www.kelmis.be\/fr\/wp-json\/wp\/v2\/types\/post"}],"author":[{"embeddable":true,"href":"https:\/\/www.kelmis.be\/fr\/wp-json\/wp\/v2\/users\/2"}],"replies":[{"embeddable":true,"href":"https:\/\/www.kelmis.be\/fr\/wp-json\/wp\/v2\/comments?post=16427"}],"version-history":[{"count":1,"href":"https:\/\/www.kelmis.be\/fr\/wp-json\/wp\/v2\/posts\/16427\/revisions"}],"predecessor-version":[{"id":16429,"href":"https:\/\/www.kelmis.be\/fr\/wp-json\/wp\/v2\/posts\/16427\/revisions\/16429"}],"wp:featuredmedia":[{"embeddable":true,"href":"https:\/\/www.kelmis.be\/fr\/wp-json\/wp\/v2\/media\/16428"}],"wp:attachment":[{"href":"https:\/\/www.kelmis.be\/fr\/wp-json\/wp\/v2\/media?parent=16427"}],"wp:term":[{"taxonomy":"category","embeddable":true,"href":"https:\/\/www.kelmis.be\/fr\/wp-json\/wp\/v2\/categories?post=16427"},{"taxonomy":"post_tag","embeddable":true,"href":"https:\/\/www.kelmis.be\/fr\/wp-json\/wp\/v2\/tags?post=16427"}],"curies":[{"name":"wp","href":"https:\/\/api.w.org\/{rel}","templated":true}]}}