{"id":16405,"date":"2025-04-14T11:29:56","date_gmt":"2025-04-14T09:29:56","guid":{"rendered":"https:\/\/www.kelmis.be\/?p=16405"},"modified":"2025-04-14T11:37:03","modified_gmt":"2025-04-14T09:37:03","slug":"degats-aux-recoltes-commission-cherche-de-lexpertise","status":"publish","type":"post","link":"https:\/\/www.kelmis.be\/fr\/depuis-la-maison-communale\/degats-aux-recoltes-commission-cherche-de-lexpertise","title":{"rendered":"D\u00e9g\u00e2ts aux r\u00e9coltes : commission cherche de l&rsquo;expertise"},"content":{"rendered":"<p>La commune est \u00e0 la recherche de professionnels ayant une expertise dans le domaine de l&rsquo;agriculture afin de renouveler la commission communale charg\u00e9e de constater les d\u00e9g\u00e2ts caus\u00e9s aux r\u00e9coltes.<\/p>\n<p>Si vous \u00eates int\u00e9ress\u00e9, vous pouvez envoyer votre candidature \u00e0 umwelt@kelmis.be. Parmi les candidatures re\u00e7ues, le coll\u00e8ge communal choisira un interlocuteur qui pourra agir en tant qu&rsquo;expert en cas de catastrophe naturelle agricole et donner des conseils pour la constatation des d\u00e9g\u00e2ts aux r\u00e9coltes.<\/p>\n<p>Cette commission communale est compos\u00e9e de cinq membres, dont le bourgmestre de la commune ou son repr\u00e9sentant et l&rsquo;expert agricole d\u00e9sign\u00e9 par le coll\u00e8ge communal. Le pr\u00e9sident de la commission est le bourgmestre ou son repr\u00e9sentant. L&rsquo;expert agricole choisi par le coll\u00e8ge communal est d\u00e9sign\u00e9 sur base de ses connaissances et comp\u00e9tences dans le domaine de l&rsquo;agriculture ou de l&rsquo;horticulture.<\/p>\n","protected":false},"excerpt":{"rendered":"La commune est \u00e0 la recherche de professionnels ayant une expertise dans le domaine de l&rsquo;agriculture afin de renouveler la commission communale charg\u00e9e de constater les d\u00e9g\u00e2ts caus\u00e9s aux r\u00e9coltes. Si vous \u00eates int\u00e9ress\u00e9, vous pouvez envoyer votre candidature \u00e0 umwelt@kelmis.be. Parmi les candidatures re\u00e7ues, le coll\u00e8ge communal choisira un interlocuteur qui pourra agir en [&hellip;]","protected":false},"author":2,"featured_media":16406,"comment_status":"closed","ping_status":"closed","sticky":false,"template":"","format":"standard","meta":{"_acf_changed":false,"footnotes":""},"categories":[71],"tags":[],"class_list":["post-16405","post","type-post","status-publish","format-standard","has-post-thumbnail","hentry","category-depuis-la-maison-communale"],"acf":[],"_links":{"self":[{"href":"https:\/\/www.kelmis.be\/fr\/wp-json\/wp\/v2\/posts\/16405","targetHints":{"allow":["GET"]}}],"collection":[{"href":"https:\/\/www.kelmis.be\/fr\/wp-json\/wp\/v2\/posts"}],"about":[{"href":"https:\/\/www.kelmis.be\/fr\/wp-json\/wp\/v2\/types\/post"}],"author":[{"embeddable":true,"href":"https:\/\/www.kelmis.be\/fr\/wp-json\/wp\/v2\/users\/2"}],"replies":[{"embeddable":true,"href":"https:\/\/www.kelmis.be\/fr\/wp-json\/wp\/v2\/comments?post=16405"}],"version-history":[{"count":1,"href":"https:\/\/www.kelmis.be\/fr\/wp-json\/wp\/v2\/posts\/16405\/revisions"}],"predecessor-version":[{"id":16407,"href":"https:\/\/www.kelmis.be\/fr\/wp-json\/wp\/v2\/posts\/16405\/revisions\/16407"}],"wp:featuredmedia":[{"embeddable":true,"href":"https:\/\/www.kelmis.be\/fr\/wp-json\/wp\/v2\/media\/16406"}],"wp:attachment":[{"href":"https:\/\/www.kelmis.be\/fr\/wp-json\/wp\/v2\/media?parent=16405"}],"wp:term":[{"taxonomy":"category","embeddable":true,"href":"https:\/\/www.kelmis.be\/fr\/wp-json\/wp\/v2\/categories?post=16405"},{"taxonomy":"post_tag","embeddable":true,"href":"https:\/\/www.kelmis.be\/fr\/wp-json\/wp\/v2\/tags?post=16405"}],"curies":[{"name":"wp","href":"https:\/\/api.w.org\/{rel}","templated":true}]}}