{"id":16395,"date":"2025-04-10T16:14:57","date_gmt":"2025-04-10T14:14:57","guid":{"rendered":"https:\/\/www.kelmis.be\/?p=16395"},"modified":"2025-04-10T16:16:15","modified_gmt":"2025-04-10T14:16:15","slug":"visite-de-compagnons-a-la-maison-communale","status":"publish","type":"post","link":"https:\/\/www.kelmis.be\/fr\/actualite-dans-la-commune\/visite-de-compagnons-a-la-maison-communale","title":{"rendered":"Visite de compagnons \u00e0 la maison communale"},"content":{"rendered":"<p>Visite exceptionnelle cet apr\u00e8s-midi \u00e0 la maison communale : deux compagnons, Markus (35\/au milieu de la photo) et Felix (28), ont fait halte dans notre commune. Markus et Felix sont charpentiers. L&rsquo;un est originaire de Fischbachau (Haute-Bavi\u00e8re), l&rsquo;autre de Sangerhausen (Saxe-Anhalt). Ils explorent actuellement notre r\u00e9gion. Avant de visiter notre maison communale, o\u00f9 ils ont \u00e9t\u00e9 accueillis par le bourgmestre Daniel Hilligsmann, ils ont rendu visite mercredi au parlement de la Communaut\u00e9 germanophone. Ils logent actuellement chez une connaissance \u00e0 Raeren. Markus est compagnon depuis six ans et trois mois, Felix depuis six semaines et demie. Un compagnon itin\u00e9rant est en route pendant au moins trois ans et un jour.<\/p>\n","protected":false},"excerpt":{"rendered":"Visite exceptionnelle cet apr\u00e8s-midi \u00e0 la maison communale : deux compagnons, Markus (35\/au milieu de la photo) et Felix (28), ont fait halte dans notre commune. Markus et Felix sont charpentiers. L&rsquo;un est originaire de Fischbachau (Haute-Bavi\u00e8re), l&rsquo;autre de Sangerhausen (Saxe-Anhalt). Ils explorent actuellement notre r\u00e9gion. Avant de visiter notre maison communale, o\u00f9 ils ont [&hellip;]","protected":false},"author":2,"featured_media":16396,"comment_status":"closed","ping_status":"closed","sticky":false,"template":"","format":"standard","meta":{"_acf_changed":false,"footnotes":""},"categories":[70],"tags":[],"class_list":["post-16395","post","type-post","status-publish","format-standard","has-post-thumbnail","hentry","category-actualite-dans-la-commune"],"acf":[],"_links":{"self":[{"href":"https:\/\/www.kelmis.be\/fr\/wp-json\/wp\/v2\/posts\/16395","targetHints":{"allow":["GET"]}}],"collection":[{"href":"https:\/\/www.kelmis.be\/fr\/wp-json\/wp\/v2\/posts"}],"about":[{"href":"https:\/\/www.kelmis.be\/fr\/wp-json\/wp\/v2\/types\/post"}],"author":[{"embeddable":true,"href":"https:\/\/www.kelmis.be\/fr\/wp-json\/wp\/v2\/users\/2"}],"replies":[{"embeddable":true,"href":"https:\/\/www.kelmis.be\/fr\/wp-json\/wp\/v2\/comments?post=16395"}],"version-history":[{"count":3,"href":"https:\/\/www.kelmis.be\/fr\/wp-json\/wp\/v2\/posts\/16395\/revisions"}],"predecessor-version":[{"id":16399,"href":"https:\/\/www.kelmis.be\/fr\/wp-json\/wp\/v2\/posts\/16395\/revisions\/16399"}],"wp:featuredmedia":[{"embeddable":true,"href":"https:\/\/www.kelmis.be\/fr\/wp-json\/wp\/v2\/media\/16396"}],"wp:attachment":[{"href":"https:\/\/www.kelmis.be\/fr\/wp-json\/wp\/v2\/media?parent=16395"}],"wp:term":[{"taxonomy":"category","embeddable":true,"href":"https:\/\/www.kelmis.be\/fr\/wp-json\/wp\/v2\/categories?post=16395"},{"taxonomy":"post_tag","embeddable":true,"href":"https:\/\/www.kelmis.be\/fr\/wp-json\/wp\/v2\/tags?post=16395"}],"curies":[{"name":"wp","href":"https:\/\/api.w.org\/{rel}","templated":true}]}}