{"id":16385,"date":"2025-04-09T12:38:54","date_gmt":"2025-04-09T10:38:54","guid":{"rendered":"https:\/\/www.kelmis.be\/?p=16385"},"modified":"2025-04-09T12:38:54","modified_gmt":"2025-04-09T10:38:54","slug":"assainissement-de-la-station-service-ohn-consultation-du-dossier-jusquau-2-mai-2025","status":"publish","type":"post","link":"https:\/\/www.kelmis.be\/fr\/depuis-la-maison-communale\/assainissement-de-la-station-service-ohn-consultation-du-dossier-jusquau-2-mai-2025","title":{"rendered":"Assainissement de la station-service Ohn : consultation du dossier jusqu&rsquo;au 2 mai 2025"},"content":{"rendered":"<p>Le coll\u00e8ge communal fait savoir qu\u2019en vertu du D\u00e9cret relatif \u00e0 la gestion et \u00e0 l\u2019assainissementdes sols, le Service public de Wallonie \u2013 Direction de l\u2019Assainissement des Sols est saisi d\u2019une demande de projet d\u2019assainissement.<\/p>\n<p>Cette demande est introduite par<\/p>\n<p>Tankstelle OHN Th\u00e9o PgmbH Route de Li\u00e8ge 288 4720 La Calamine<\/p>\n<p>Le terrain concern\u00e9 est situ\u00e9 : Route de Li\u00e8ge, 288 \u00e0 4720 La Calamine (station-service) et est cadastr\u00e9 :\u00a0 63040 A 544 X 33<\/p>\n<p>Le projet consiste en un assainissement d\u2019une station-service<\/p>\n<p>Le dossier peut \u00eatre consult\u00e9 du 08-04-2025 au 02-05-2025 sur rendez-vous les jours ouvrables de 9 h \u00e0 12 h et de 14 h \u00e0 15h30 \u00e0 l\u2019adresse suivante \u2013 Administration communale \u2013 Service environnement rue de l\u2019\u00c9glise, 26 \u00e0 4720 Kelmis\/La Calamine.<\/p>\n<p>Des explications sur le projet peuvent \u00eatre obtenues aupr\u00e8s de :<\/p>\n<p>M G\u00fcnther HAVENITH \u2013 087\/639837<\/p>\n<p>M Chris von BORSTEL &#8211;\u00a0 087\/639818<\/p>\n<p>mail : umwelt@kelmis.be<\/p>\n<p>dont le bureau se trouve \u00e0 rue de l\u2019\u00c9glise, 26 \u00e0 4720 Kelmis\/La Calamine<\/p>\n<p>Les r\u00e9clamations et observations \u00e9crites sont \u00e0 envoyer du 21-04-2025 au 05-05-2025 inclus \u00e0 l\u2019attention du coll\u00e8ge communal :<\/p>\n<p>&#8211; par courrier ordinaire \u00e0 l\u2019adresse suivante :\u00a0 rue de l\u2019\u00c9glise, 31 \u00e0 4720 Kelmis\/La Calamine<\/p>\n<p>&#8211; par courrier \u00e9lectronique \u00e0 l\u2019adresse suivante :\u00a0 umwelt@kelmis.be<\/p>\n","protected":false},"excerpt":{"rendered":"Le coll\u00e8ge communal fait savoir qu\u2019en vertu du D\u00e9cret relatif \u00e0 la gestion et \u00e0 l\u2019assainissementdes sols, le Service public de Wallonie \u2013 Direction de l\u2019Assainissement des Sols est saisi d\u2019une demande de projet d\u2019assainissement. Cette demande est introduite par Tankstelle OHN Th\u00e9o PgmbH Route de Li\u00e8ge 288 4720 La Calamine Le terrain concern\u00e9 est [&hellip;]","protected":false},"author":2,"featured_media":16386,"comment_status":"closed","ping_status":"closed","sticky":false,"template":"","format":"standard","meta":{"_acf_changed":false,"footnotes":""},"categories":[71],"tags":[],"class_list":["post-16385","post","type-post","status-publish","format-standard","has-post-thumbnail","hentry","category-depuis-la-maison-communale"],"acf":[],"_links":{"self":[{"href":"https:\/\/www.kelmis.be\/fr\/wp-json\/wp\/v2\/posts\/16385","targetHints":{"allow":["GET"]}}],"collection":[{"href":"https:\/\/www.kelmis.be\/fr\/wp-json\/wp\/v2\/posts"}],"about":[{"href":"https:\/\/www.kelmis.be\/fr\/wp-json\/wp\/v2\/types\/post"}],"author":[{"embeddable":true,"href":"https:\/\/www.kelmis.be\/fr\/wp-json\/wp\/v2\/users\/2"}],"replies":[{"embeddable":true,"href":"https:\/\/www.kelmis.be\/fr\/wp-json\/wp\/v2\/comments?post=16385"}],"version-history":[{"count":1,"href":"https:\/\/www.kelmis.be\/fr\/wp-json\/wp\/v2\/posts\/16385\/revisions"}],"predecessor-version":[{"id":16387,"href":"https:\/\/www.kelmis.be\/fr\/wp-json\/wp\/v2\/posts\/16385\/revisions\/16387"}],"wp:featuredmedia":[{"embeddable":true,"href":"https:\/\/www.kelmis.be\/fr\/wp-json\/wp\/v2\/media\/16386"}],"wp:attachment":[{"href":"https:\/\/www.kelmis.be\/fr\/wp-json\/wp\/v2\/media?parent=16385"}],"wp:term":[{"taxonomy":"category","embeddable":true,"href":"https:\/\/www.kelmis.be\/fr\/wp-json\/wp\/v2\/categories?post=16385"},{"taxonomy":"post_tag","embeddable":true,"href":"https:\/\/www.kelmis.be\/fr\/wp-json\/wp\/v2\/tags?post=16385"}],"curies":[{"name":"wp","href":"https:\/\/api.w.org\/{rel}","templated":true}]}}