{"id":16372,"date":"2025-04-08T14:40:50","date_gmt":"2025-04-08T12:40:50","guid":{"rendered":"https:\/\/www.kelmis.be\/?p=16372"},"modified":"2025-04-08T21:34:43","modified_gmt":"2025-04-08T19:34:43","slug":"bilan-2024-dores-1-547-luminaires-sur-le-territoire-de-la-commune","status":"publish","type":"post","link":"https:\/\/www.kelmis.be\/fr\/actualite-dans-la-commune\/bilan-2024-dores-1-547-luminaires-sur-le-territoire-de-la-commune","title":{"rendered":"Bilan 2024 d&rsquo;ORES : 1.547 luminaires sur le territoire de la commune"},"content":{"rendered":"<p>Le rapport annuel de l&rsquo;intercommunale ORES sur l&rsquo;entretien du r\u00e9seau d&rsquo;\u00e9clairage public de notre commune est disponible. Le parc d&rsquo;\u00e9clairage public de La Calamine comptait fin 2024 un total de 1.547 luminaires pour une puissance totale de 104 kW. Cela \u00e9quivaut \u00e0 la consommation de 35 foyers wallons, avec un facteur de puissance de 3 kW par foyer, et correspond \u00e0 une puissance moyenne de 68 watts par luminaire.<br \/>\nEn 2024, les services d&rsquo;ORES ont trait\u00e9 144 signalements (qui ont peut-\u00eatre donn\u00e9 lieu \u00e0 une ou plusieurs interventions de r\u00e9paration).<br \/>\nLa dur\u00e9e moyenne de r\u00e9paration en 2024 (temps \u00e9coul\u00e9 entre la signalisation de la panne et la r\u00e9paration) \u00e9tait de 19,1 jours ouvrables. Sur le territoire de notre commune, ORES a enregistr\u00e9 en 2024 environ 136 interventions de r\u00e9paration ou interventions \u00e9quivalentes pour un montant total de 47.347 \u20ac (hors TVA), montant que l&rsquo;entreprise prend en charge conform\u00e9ment aux dispositions l\u00e9gales.<\/p>\n<p>En ce qui concerne l&rsquo;\u00e9clairage public nocturne, l&rsquo;\u00e9chevin Pascal Kreusen explique qu&rsquo;il sera effectu\u00e9 d\u00e8s que 94% du parc d&rsquo;\u00e9clairage aura \u00e9t\u00e9 converti en LED.<\/p>\n","protected":false},"excerpt":{"rendered":"Le rapport annuel de l&rsquo;intercommunale ORES sur l&rsquo;entretien du r\u00e9seau d&rsquo;\u00e9clairage public de notre commune est disponible. Le parc d&rsquo;\u00e9clairage public de La Calamine comptait fin 2024 un total de 1.547 luminaires pour une puissance totale de 104 kW. Cela \u00e9quivaut \u00e0 la consommation de 35 foyers wallons, avec un facteur de puissance de 3 [&hellip;]","protected":false},"author":2,"featured_media":16373,"comment_status":"closed","ping_status":"closed","sticky":false,"template":"","format":"standard","meta":{"_acf_changed":false,"footnotes":""},"categories":[70],"tags":[],"class_list":["post-16372","post","type-post","status-publish","format-standard","has-post-thumbnail","hentry","category-actualite-dans-la-commune"],"acf":[],"_links":{"self":[{"href":"https:\/\/www.kelmis.be\/fr\/wp-json\/wp\/v2\/posts\/16372","targetHints":{"allow":["GET"]}}],"collection":[{"href":"https:\/\/www.kelmis.be\/fr\/wp-json\/wp\/v2\/posts"}],"about":[{"href":"https:\/\/www.kelmis.be\/fr\/wp-json\/wp\/v2\/types\/post"}],"author":[{"embeddable":true,"href":"https:\/\/www.kelmis.be\/fr\/wp-json\/wp\/v2\/users\/2"}],"replies":[{"embeddable":true,"href":"https:\/\/www.kelmis.be\/fr\/wp-json\/wp\/v2\/comments?post=16372"}],"version-history":[{"count":2,"href":"https:\/\/www.kelmis.be\/fr\/wp-json\/wp\/v2\/posts\/16372\/revisions"}],"predecessor-version":[{"id":16377,"href":"https:\/\/www.kelmis.be\/fr\/wp-json\/wp\/v2\/posts\/16372\/revisions\/16377"}],"wp:featuredmedia":[{"embeddable":true,"href":"https:\/\/www.kelmis.be\/fr\/wp-json\/wp\/v2\/media\/16373"}],"wp:attachment":[{"href":"https:\/\/www.kelmis.be\/fr\/wp-json\/wp\/v2\/media?parent=16372"}],"wp:term":[{"taxonomy":"category","embeddable":true,"href":"https:\/\/www.kelmis.be\/fr\/wp-json\/wp\/v2\/categories?post=16372"},{"taxonomy":"post_tag","embeddable":true,"href":"https:\/\/www.kelmis.be\/fr\/wp-json\/wp\/v2\/tags?post=16372"}],"curies":[{"name":"wp","href":"https:\/\/api.w.org\/{rel}","templated":true}]}}