{"id":16360,"date":"2025-04-07T15:56:26","date_gmt":"2025-04-07T13:56:26","guid":{"rendered":"https:\/\/www.kelmis.be\/?p=16360"},"modified":"2025-04-07T16:01:12","modified_gmt":"2025-04-07T14:01:12","slug":"rallye-photo-pour-les-familles-le-19-avril","status":"publish","type":"post","link":"https:\/\/www.kelmis.be\/fr\/evenement\/rallye-photo-pour-les-familles-le-19-avril","title":{"rendered":"Rallye photo pour les familles le 19 avril"},"content":{"rendered":"<p>Le samedi 19 avril, une promenade familiale (rallye photo) aura lieu dans notre commune, \u00e0 l&rsquo;invitation de l&rsquo;\u00e9chevine Nadine Rotheudt. Le coup d&rsquo;envoi de cette passionnante manifestation de P\u00e2ques sera donn\u00e9 dans le parc communal \u00e0 12 heures. Il est possible de participer jusqu&rsquo;\u00e0 14 heures.<\/p>\n<p>Une surprise attend chaque enfant \u00e0 la fin du parcours. Les participants sont libres de choisir l&rsquo;heure \u00e0 laquelle ils souhaitent effectuer le rallye avec leur(s) enfant(s).<\/p>\n<p>Au d\u00e9part, au parc, les participants re\u00e7oivent une liste d&rsquo;objets qu&rsquo;ils peuvent trouver dans le village et photographier tout au long du parcours. Le lapin de P\u00e2ques passera bien s\u00fbr aussi par l\u00e0.<\/p>\n<p>La jeunesse rurale catholique (KLJ) de La Calamine invitent ensuite \u00e0 prendre un verre ou un petit quelque chose \u00e0 un prix d\u00e9mocratique dans le parc. Le maquillage des enfants sera \u00e9galement assur\u00e9 par la KLJ.<\/p>\n","protected":false},"excerpt":{"rendered":"Le samedi 19 avril, une promenade familiale (rallye photo) aura lieu dans notre commune, \u00e0 l&rsquo;invitation de l&rsquo;\u00e9chevine Nadine Rotheudt. Le coup d&rsquo;envoi de cette passionnante manifestation de P\u00e2ques sera donn\u00e9 dans le parc communal \u00e0 12 heures. Il est possible de participer jusqu&rsquo;\u00e0 14 heures. Une surprise attend chaque enfant \u00e0 la fin du [&hellip;]","protected":false},"author":2,"featured_media":16361,"comment_status":"closed","ping_status":"closed","sticky":false,"template":"","format":"standard","meta":{"_acf_changed":false,"footnotes":""},"categories":[73],"tags":[],"class_list":["post-16360","post","type-post","status-publish","format-standard","has-post-thumbnail","hentry","category-evenement"],"acf":[],"_links":{"self":[{"href":"https:\/\/www.kelmis.be\/fr\/wp-json\/wp\/v2\/posts\/16360","targetHints":{"allow":["GET"]}}],"collection":[{"href":"https:\/\/www.kelmis.be\/fr\/wp-json\/wp\/v2\/posts"}],"about":[{"href":"https:\/\/www.kelmis.be\/fr\/wp-json\/wp\/v2\/types\/post"}],"author":[{"embeddable":true,"href":"https:\/\/www.kelmis.be\/fr\/wp-json\/wp\/v2\/users\/2"}],"replies":[{"embeddable":true,"href":"https:\/\/www.kelmis.be\/fr\/wp-json\/wp\/v2\/comments?post=16360"}],"version-history":[{"count":1,"href":"https:\/\/www.kelmis.be\/fr\/wp-json\/wp\/v2\/posts\/16360\/revisions"}],"predecessor-version":[{"id":16362,"href":"https:\/\/www.kelmis.be\/fr\/wp-json\/wp\/v2\/posts\/16360\/revisions\/16362"}],"wp:featuredmedia":[{"embeddable":true,"href":"https:\/\/www.kelmis.be\/fr\/wp-json\/wp\/v2\/media\/16361"}],"wp:attachment":[{"href":"https:\/\/www.kelmis.be\/fr\/wp-json\/wp\/v2\/media?parent=16360"}],"wp:term":[{"taxonomy":"category","embeddable":true,"href":"https:\/\/www.kelmis.be\/fr\/wp-json\/wp\/v2\/categories?post=16360"},{"taxonomy":"post_tag","embeddable":true,"href":"https:\/\/www.kelmis.be\/fr\/wp-json\/wp\/v2\/tags?post=16360"}],"curies":[{"name":"wp","href":"https:\/\/api.w.org\/{rel}","templated":true}]}}