{"id":16348,"date":"2025-04-07T10:45:37","date_gmt":"2025-04-07T08:45:37","guid":{"rendered":"https:\/\/www.kelmis.be\/?p=16348"},"modified":"2025-04-07T10:45:37","modified_gmt":"2025-04-07T08:45:37","slug":"afterworks-de-latelier-creatif-au-clubhouse-du-fc-tuelje","status":"publish","type":"post","link":"https:\/\/www.kelmis.be\/fr\/actualite-dans-la-commune\/afterworks-de-latelier-creatif-au-clubhouse-du-fc-tuelje","title":{"rendered":"Afterworks de l&rsquo;Atelier cr\u00e9atif au clubhouse du FC T\u00fclje"},"content":{"rendered":"<p>Bonne nouvelle pour tous les amis des afterworks de l&rsquo;Atelier cr\u00e9atif :<\/p>\n<p>Le b\u00e2timent principal du centre culturel Select n&rsquo;\u00e9tant plus accessible suite \u00e0 un accident de bus, les \u00e9v\u00e9nements auront d\u00e9sormais lieu dans la cour int\u00e9rieure au club house du club de football amateur FC T\u00fclje.<\/p>\n<p>M\u00eame ambiance cr\u00e9ative &#8211; juste une nouvelle entr\u00e9e. Et ne vous inqui\u00e9tez pas : ceux qui souhaitent simplement s&rsquo;arr\u00eater pour prendre un verre sont bien s\u00fbr tout aussi bienvenus !<\/p>\n<p>Le prochain afterwork avec l&rsquo;atelier \u00ab Art sur bois \u00bb est pr\u00e9vu jeudi, de 19h \u00e0 23h.<\/p>\n<p>Les afterworks ont lieu tous les deuxi\u00e8mes jeudis du mois.<\/p>\n<p>Aucune inscription n&rsquo;est n\u00e9cessaire \u2013 venez simplement passer une soir\u00e9e sp\u00e9ciale avec l\u2019Atelier cr\u00e9atif.<\/p>\n","protected":false},"excerpt":{"rendered":"Bonne nouvelle pour tous les amis des afterworks de l&rsquo;Atelier cr\u00e9atif : Le b\u00e2timent principal du centre culturel Select n&rsquo;\u00e9tant plus accessible suite \u00e0 un accident de bus, les \u00e9v\u00e9nements auront d\u00e9sormais lieu dans la cour int\u00e9rieure au club house du club de football amateur FC T\u00fclje. M\u00eame ambiance cr\u00e9ative &#8211; juste une nouvelle entr\u00e9e. [&hellip;]","protected":false},"author":2,"featured_media":16349,"comment_status":"closed","ping_status":"closed","sticky":false,"template":"","format":"standard","meta":{"_acf_changed":false,"footnotes":""},"categories":[70],"tags":[],"class_list":["post-16348","post","type-post","status-publish","format-standard","has-post-thumbnail","hentry","category-actualite-dans-la-commune"],"acf":[],"_links":{"self":[{"href":"https:\/\/www.kelmis.be\/fr\/wp-json\/wp\/v2\/posts\/16348","targetHints":{"allow":["GET"]}}],"collection":[{"href":"https:\/\/www.kelmis.be\/fr\/wp-json\/wp\/v2\/posts"}],"about":[{"href":"https:\/\/www.kelmis.be\/fr\/wp-json\/wp\/v2\/types\/post"}],"author":[{"embeddable":true,"href":"https:\/\/www.kelmis.be\/fr\/wp-json\/wp\/v2\/users\/2"}],"replies":[{"embeddable":true,"href":"https:\/\/www.kelmis.be\/fr\/wp-json\/wp\/v2\/comments?post=16348"}],"version-history":[{"count":1,"href":"https:\/\/www.kelmis.be\/fr\/wp-json\/wp\/v2\/posts\/16348\/revisions"}],"predecessor-version":[{"id":16353,"href":"https:\/\/www.kelmis.be\/fr\/wp-json\/wp\/v2\/posts\/16348\/revisions\/16353"}],"wp:featuredmedia":[{"embeddable":true,"href":"https:\/\/www.kelmis.be\/fr\/wp-json\/wp\/v2\/media\/16349"}],"wp:attachment":[{"href":"https:\/\/www.kelmis.be\/fr\/wp-json\/wp\/v2\/media?parent=16348"}],"wp:term":[{"taxonomy":"category","embeddable":true,"href":"https:\/\/www.kelmis.be\/fr\/wp-json\/wp\/v2\/categories?post=16348"},{"taxonomy":"post_tag","embeddable":true,"href":"https:\/\/www.kelmis.be\/fr\/wp-json\/wp\/v2\/tags?post=16348"}],"curies":[{"name":"wp","href":"https:\/\/api.w.org\/{rel}","templated":true}]}}