{"id":16325,"date":"2025-04-03T17:50:48","date_gmt":"2025-04-03T15:50:48","guid":{"rendered":"https:\/\/www.kelmis.be\/?p=16325"},"modified":"2025-04-03T17:51:44","modified_gmt":"2025-04-03T15:51:44","slug":"organisation-dun-evenement-a-quoi-faut-il-penser","status":"publish","type":"post","link":"https:\/\/www.kelmis.be\/fr\/depuis-la-maison-communale\/organisation-dun-evenement-a-quoi-faut-il-penser","title":{"rendered":"Organisation d&rsquo;un \u00e9v\u00e9nement : \u00e0 quoi faut-il penser?"},"content":{"rendered":"<p>Rappel important pour tous ceux et toutes celles qui souhaitent organiser un \u00e9v\u00e9nement dans notre commune : Pour tous les \u00e9v\u00e9nements publics ext\u00e9rieurs, une autorisation du bourgmestre est n\u00e9cessaire. Celle-ci doit \u00eatre demand\u00e9e trois mois avant la date de l&rsquo;\u00e9v\u00e9nement. Notre secr\u00e9tariat (verwaltung@kelmis.be) envoie alors au demandeur une fiche dite de s\u00e9curit\u00e9 que l&rsquo;organisateur doit remplir et renvoyer. Outre l&rsquo;autorisation du bourgmestre, une expertise est \u00e9galement effectu\u00e9e par les services de s\u00e9curit\u00e9, ce qui explique le d\u00e9lai de trois mois.<\/p>\n<p>Le d\u00e9lai de trois mois \u00e0 respecter et l&rsquo;obligation d&rsquo;une fiche de s\u00e9curit\u00e9 s&rsquo;appliquent \u00e9galement aux \u00e9v\u00e9nements publics en int\u00e9rieur. Ces manifestations sont soumises \u00e0 une obligation de d\u00e9claration.<\/p>\n<p>Les personnes souhaitant emprunter du mat\u00e9riel \u00e0 la commune sont invit\u00e9es \u00e0 en faire la demande aupr\u00e8s du secr\u00e9tariat (verwaltung@kelmis.be) au plus tard un mois avant la manifestation. Vous trouvez le document n\u00e9cessaire (en allemand) <strong><a href=\"https:\/\/www.kelmis.be\/wp-content\/uploads\/2023\/10\/Antragsformular-Materialverleih.pdf\">ici<\/a><\/strong>.<\/p>\n<p>Si du mat\u00e9riel doit \u00eatre fourni par le d\u00e9p\u00f4t communal, un d\u00e9lai de trois mois est n\u00e9cessaire.<\/p>\n<p>En ce qui concerne les fermetures de routes pour les manifestations, il est recommand\u00e9 d&rsquo;en faire la demande au secr\u00e9tariat (verwaltung@kelmis.be) au moins six semaines \u00e0 l&rsquo;avance.<\/p>\n","protected":false},"excerpt":{"rendered":"Rappel important pour tous ceux et toutes celles qui souhaitent organiser un \u00e9v\u00e9nement dans notre commune : Pour tous les \u00e9v\u00e9nements publics ext\u00e9rieurs, une autorisation du bourgmestre est n\u00e9cessaire. Celle-ci doit \u00eatre demand\u00e9e trois mois avant la date de l&rsquo;\u00e9v\u00e9nement. Notre secr\u00e9tariat (verwaltung@kelmis.be) envoie alors au demandeur une fiche dite de s\u00e9curit\u00e9 que l&rsquo;organisateur doit [&hellip;]","protected":false},"author":2,"featured_media":16326,"comment_status":"closed","ping_status":"closed","sticky":false,"template":"","format":"standard","meta":{"_acf_changed":false,"footnotes":""},"categories":[71],"tags":[],"class_list":["post-16325","post","type-post","status-publish","format-standard","has-post-thumbnail","hentry","category-depuis-la-maison-communale"],"acf":[],"_links":{"self":[{"href":"https:\/\/www.kelmis.be\/fr\/wp-json\/wp\/v2\/posts\/16325","targetHints":{"allow":["GET"]}}],"collection":[{"href":"https:\/\/www.kelmis.be\/fr\/wp-json\/wp\/v2\/posts"}],"about":[{"href":"https:\/\/www.kelmis.be\/fr\/wp-json\/wp\/v2\/types\/post"}],"author":[{"embeddable":true,"href":"https:\/\/www.kelmis.be\/fr\/wp-json\/wp\/v2\/users\/2"}],"replies":[{"embeddable":true,"href":"https:\/\/www.kelmis.be\/fr\/wp-json\/wp\/v2\/comments?post=16325"}],"version-history":[{"count":1,"href":"https:\/\/www.kelmis.be\/fr\/wp-json\/wp\/v2\/posts\/16325\/revisions"}],"predecessor-version":[{"id":16327,"href":"https:\/\/www.kelmis.be\/fr\/wp-json\/wp\/v2\/posts\/16325\/revisions\/16327"}],"wp:featuredmedia":[{"embeddable":true,"href":"https:\/\/www.kelmis.be\/fr\/wp-json\/wp\/v2\/media\/16326"}],"wp:attachment":[{"href":"https:\/\/www.kelmis.be\/fr\/wp-json\/wp\/v2\/media?parent=16325"}],"wp:term":[{"taxonomy":"category","embeddable":true,"href":"https:\/\/www.kelmis.be\/fr\/wp-json\/wp\/v2\/categories?post=16325"},{"taxonomy":"post_tag","embeddable":true,"href":"https:\/\/www.kelmis.be\/fr\/wp-json\/wp\/v2\/tags?post=16325"}],"curies":[{"name":"wp","href":"https:\/\/api.w.org\/{rel}","templated":true}]}}