{"id":16299,"date":"2025-03-28T13:45:55","date_gmt":"2025-03-28T12:45:55","guid":{"rendered":"https:\/\/www.kelmis.be\/?p=16299"},"modified":"2025-03-28T13:45:55","modified_gmt":"2025-03-28T12:45:55","slug":"collecte-des-sacs-pmc-du-papier-et-du-carton-belcyco-sera-en-route-ce-lundi","status":"publish","type":"post","link":"https:\/\/www.kelmis.be\/fr\/depuis-la-maison-communale\/collecte-des-sacs-pmc-du-papier-et-du-carton-belcyco-sera-en-route-ce-lundi","title":{"rendered":"Collecte des sacs PMC, du papier et du carton : Belcyco sera en route ce lundi"},"content":{"rendered":"<p>L&rsquo;intercommunale Intradel nous a inform\u00e9s que la collecte des sacs PMC, du papier et du carton lundi prochain \u00e0 Hergenrath ne sera pas affect\u00e9e par la gr\u00e8ve g\u00e9n\u00e9rale annonc\u00e9e en Belgique. Pour rappel, Intradel est le donneur d&rsquo;ordre et la collecte en tant que telle est assur\u00e9e par l&rsquo;entreprise Belcyco (bas\u00e9e \u00e0 Welkenraedt). Pour plus d&rsquo;informations, veuillez consulter les canaux d&rsquo;information d&rsquo;Intradel et de Belcyco.<\/p>\n","protected":false},"excerpt":{"rendered":"L&rsquo;intercommunale Intradel nous a inform\u00e9s que la collecte des sacs PMC, du papier et du carton lundi prochain \u00e0 Hergenrath ne sera pas affect\u00e9e par la gr\u00e8ve g\u00e9n\u00e9rale annonc\u00e9e en Belgique. Pour rappel, Intradel est le donneur d&rsquo;ordre et la collecte en tant que telle est assur\u00e9e par l&rsquo;entreprise Belcyco (bas\u00e9e \u00e0 Welkenraedt). Pour plus [&hellip;]","protected":false},"author":2,"featured_media":16300,"comment_status":"closed","ping_status":"closed","sticky":false,"template":"","format":"standard","meta":{"_acf_changed":false,"footnotes":""},"categories":[71],"tags":[],"class_list":["post-16299","post","type-post","status-publish","format-standard","has-post-thumbnail","hentry","category-depuis-la-maison-communale"],"acf":[],"_links":{"self":[{"href":"https:\/\/www.kelmis.be\/fr\/wp-json\/wp\/v2\/posts\/16299","targetHints":{"allow":["GET"]}}],"collection":[{"href":"https:\/\/www.kelmis.be\/fr\/wp-json\/wp\/v2\/posts"}],"about":[{"href":"https:\/\/www.kelmis.be\/fr\/wp-json\/wp\/v2\/types\/post"}],"author":[{"embeddable":true,"href":"https:\/\/www.kelmis.be\/fr\/wp-json\/wp\/v2\/users\/2"}],"replies":[{"embeddable":true,"href":"https:\/\/www.kelmis.be\/fr\/wp-json\/wp\/v2\/comments?post=16299"}],"version-history":[{"count":1,"href":"https:\/\/www.kelmis.be\/fr\/wp-json\/wp\/v2\/posts\/16299\/revisions"}],"predecessor-version":[{"id":16301,"href":"https:\/\/www.kelmis.be\/fr\/wp-json\/wp\/v2\/posts\/16299\/revisions\/16301"}],"wp:featuredmedia":[{"embeddable":true,"href":"https:\/\/www.kelmis.be\/fr\/wp-json\/wp\/v2\/media\/16300"}],"wp:attachment":[{"href":"https:\/\/www.kelmis.be\/fr\/wp-json\/wp\/v2\/media?parent=16299"}],"wp:term":[{"taxonomy":"category","embeddable":true,"href":"https:\/\/www.kelmis.be\/fr\/wp-json\/wp\/v2\/categories?post=16299"},{"taxonomy":"post_tag","embeddable":true,"href":"https:\/\/www.kelmis.be\/fr\/wp-json\/wp\/v2\/tags?post=16299"}],"curies":[{"name":"wp","href":"https:\/\/api.w.org\/{rel}","templated":true}]}}