{"id":16256,"date":"2025-03-13T16:05:26","date_gmt":"2025-03-13T15:05:26","guid":{"rendered":"https:\/\/www.kelmis.be\/?p=16256"},"modified":"2025-03-13T16:10:43","modified_gmt":"2025-03-13T15:10:43","slug":"deux-rampes-supplementaires-pour-fauteuil-roulant-a-leglise-paroissiale-notre-dame-de-lassomption","status":"publish","type":"post","link":"https:\/\/www.kelmis.be\/fr\/actualite-dans-la-commune\/deux-rampes-supplementaires-pour-fauteuil-roulant-a-leglise-paroissiale-notre-dame-de-lassomption","title":{"rendered":"Deux rampes suppl\u00e9mentaires pour fauteuil roulant \u00e0 l&rsquo;\u00e9glise paroissiale Notre-Dame de l&rsquo;Assomption"},"content":{"rendered":"<p>Un rappel important pour tous les visiteurs et visiteuses qui se rendent en fauteuil roulant \u00e0 l&rsquo;\u00e9glise paroissiale Notre-Dame de l&rsquo;Assomption : Outre la rampe d&rsquo;acc\u00e8s ext\u00e9rieure \u00e0 la sacristie, \u00e0 gauche le long du b\u00e2timent, deux rampes suppl\u00e9mentaires ont \u00e9t\u00e9 install\u00e9es, l&rsquo;une vers le ch\u0153ur, l&rsquo;autre vers l&rsquo;int\u00e9rieur de l&rsquo;\u00e9glise. Selon le pasteur Jean Pohlen, on est \u00e0 la recherche d&rsquo;une solution d\u00e9finitive. Les r\u00e9flexions sont en cours.<\/p>\n<p>Contact paroisse: 087\/65 92 26<\/p>\n","protected":false},"excerpt":{"rendered":"Un rappel important pour tous les visiteurs et visiteuses qui se rendent en fauteuil roulant \u00e0 l&rsquo;\u00e9glise paroissiale Notre-Dame de l&rsquo;Assomption : Outre la rampe d&rsquo;acc\u00e8s ext\u00e9rieure \u00e0 la sacristie, \u00e0 gauche le long du b\u00e2timent, deux rampes suppl\u00e9mentaires ont \u00e9t\u00e9 install\u00e9es, l&rsquo;une vers le ch\u0153ur, l&rsquo;autre vers l&rsquo;int\u00e9rieur de l&rsquo;\u00e9glise. Selon le pasteur Jean [&hellip;]","protected":false},"author":2,"featured_media":16257,"comment_status":"closed","ping_status":"closed","sticky":false,"template":"","format":"standard","meta":{"_acf_changed":false,"footnotes":""},"categories":[70],"tags":[],"class_list":["post-16256","post","type-post","status-publish","format-standard","has-post-thumbnail","hentry","category-actualite-dans-la-commune"],"acf":[],"_links":{"self":[{"href":"https:\/\/www.kelmis.be\/fr\/wp-json\/wp\/v2\/posts\/16256","targetHints":{"allow":["GET"]}}],"collection":[{"href":"https:\/\/www.kelmis.be\/fr\/wp-json\/wp\/v2\/posts"}],"about":[{"href":"https:\/\/www.kelmis.be\/fr\/wp-json\/wp\/v2\/types\/post"}],"author":[{"embeddable":true,"href":"https:\/\/www.kelmis.be\/fr\/wp-json\/wp\/v2\/users\/2"}],"replies":[{"embeddable":true,"href":"https:\/\/www.kelmis.be\/fr\/wp-json\/wp\/v2\/comments?post=16256"}],"version-history":[{"count":1,"href":"https:\/\/www.kelmis.be\/fr\/wp-json\/wp\/v2\/posts\/16256\/revisions"}],"predecessor-version":[{"id":16258,"href":"https:\/\/www.kelmis.be\/fr\/wp-json\/wp\/v2\/posts\/16256\/revisions\/16258"}],"wp:featuredmedia":[{"embeddable":true,"href":"https:\/\/www.kelmis.be\/fr\/wp-json\/wp\/v2\/media\/16257"}],"wp:attachment":[{"href":"https:\/\/www.kelmis.be\/fr\/wp-json\/wp\/v2\/media?parent=16256"}],"wp:term":[{"taxonomy":"category","embeddable":true,"href":"https:\/\/www.kelmis.be\/fr\/wp-json\/wp\/v2\/categories?post=16256"},{"taxonomy":"post_tag","embeddable":true,"href":"https:\/\/www.kelmis.be\/fr\/wp-json\/wp\/v2\/tags?post=16256"}],"curies":[{"name":"wp","href":"https:\/\/api.w.org\/{rel}","templated":true}]}}