{"id":16250,"date":"2025-03-13T14:30:29","date_gmt":"2025-03-13T13:30:29","guid":{"rendered":"https:\/\/www.kelmis.be\/?p=16250"},"modified":"2025-03-13T14:51:08","modified_gmt":"2025-03-13T13:51:08","slug":"118-283-kilos-de-textiles-reutilisables-collectes-dans-notre-commune-en-2024","status":"publish","type":"post","link":"https:\/\/www.kelmis.be\/fr\/actualite-dans-la-commune\/118-283-kilos-de-textiles-reutilisables-collectes-dans-notre-commune-en-2024","title":{"rendered":"118 283 kilos de textiles r\u00e9utilisables collect\u00e9s dans notre commune en 2024"},"content":{"rendered":"<p>Les statistiques annuelles des conteneurs \u00e0 textiles de l&rsquo;entreprise sociale Terre dans notre commune sont disponibles : En 2024, 118 283 kilos de textiles r\u00e9utilisables ont \u00e9t\u00e9 collect\u00e9s. \u00ab Nous continuons \u00e0 encourager les citoyens \u00e0 d\u00e9poser les v\u00eatements et textiles usag\u00e9s dans les conteneurs pr\u00e9vus \u00e0 cet effet sur la place de l&rsquo;\u00e9glise, sur la rue de Li\u00e8ge \u00e0 la hauteur de Touring ou \u00e0 la Coul \u00bb, explique l&rsquo;\u00e9chevin responsable Raymond Lenaerts.<\/p>\n<p>59% des v\u00eatements et tissus d\u00e9pos\u00e9s ont pu \u00eatre directement r\u00e9utilis\u00e9s, tandis que 23% ont \u00e9t\u00e9 recycl\u00e9s. \u00ab Cela repr\u00e9sente au niveau local une contribution concr\u00e8te \u00e0 la mise en \u0153uvre des objectifs europ\u00e9ens de durabilit\u00e9 et prot\u00e8ge \u00e9galement l&rsquo;environnement sur place \u00bb, poursuit Lenaerts.<\/p>\n<p>Outre les v\u00eatements usag\u00e9s, les chaussures peuvent \u00eatre d\u00e9pos\u00e9es dans les conteneurs bleus. Ces derni\u00e8res doivent \u00eatre attach\u00e9es par paires. La marchandise est ensuite achemin\u00e9e vers le centre de traitement Terre \u00e0 Herstal, o\u00f9 elle est examin\u00e9e en d\u00e9tail. Si la marchandise est en bon \u00e9tat, elle est vendue dans les magasins Terre de Fl\u00e9ron et de Verviers. Dans le cas contraire, elle est recycl\u00e9e ou incin\u00e9r\u00e9e. \u00ab 17% des v\u00eatements d\u00e9pos\u00e9s ont d\u00fb \u00eatre \u00e9limin\u00e9s \u00bb, explique l&rsquo;\u00e9chevin Lenaerts.<\/p>\n<p>Dans ce contexte, l&rsquo;administration communale rappelle une nouvelle fois qu&rsquo;il est interdit de jeter des textiles inutilisables ou d&rsquo;autres d\u00e9chets dans les conteneurs \u00e0 v\u00eatements. Seuls les textiles propres et emball\u00e9s peuvent \u00eatre d\u00e9pos\u00e9s. Lorsque les conteneurs sont pleins, il est interdit de d\u00e9poser des sacs de v\u00eatements devant. Il est pr\u00e9f\u00e9rable de se rendre \u00e0 un autre endroit.<\/p>\n<p>&nbsp;<\/p>\n","protected":false},"excerpt":{"rendered":"Les statistiques annuelles des conteneurs \u00e0 textiles de l&rsquo;entreprise sociale Terre dans notre commune sont disponibles : En 2024, 118 283 kilos de textiles r\u00e9utilisables ont \u00e9t\u00e9 collect\u00e9s. \u00ab Nous continuons \u00e0 encourager les citoyens \u00e0 d\u00e9poser les v\u00eatements et textiles usag\u00e9s dans les conteneurs pr\u00e9vus \u00e0 cet effet sur la place de l&rsquo;\u00e9glise, sur [&hellip;]","protected":false},"author":2,"featured_media":16251,"comment_status":"closed","ping_status":"closed","sticky":false,"template":"","format":"standard","meta":{"_acf_changed":false,"footnotes":""},"categories":[70],"tags":[],"class_list":["post-16250","post","type-post","status-publish","format-standard","has-post-thumbnail","hentry","category-actualite-dans-la-commune"],"acf":[],"_links":{"self":[{"href":"https:\/\/www.kelmis.be\/fr\/wp-json\/wp\/v2\/posts\/16250","targetHints":{"allow":["GET"]}}],"collection":[{"href":"https:\/\/www.kelmis.be\/fr\/wp-json\/wp\/v2\/posts"}],"about":[{"href":"https:\/\/www.kelmis.be\/fr\/wp-json\/wp\/v2\/types\/post"}],"author":[{"embeddable":true,"href":"https:\/\/www.kelmis.be\/fr\/wp-json\/wp\/v2\/users\/2"}],"replies":[{"embeddable":true,"href":"https:\/\/www.kelmis.be\/fr\/wp-json\/wp\/v2\/comments?post=16250"}],"version-history":[{"count":1,"href":"https:\/\/www.kelmis.be\/fr\/wp-json\/wp\/v2\/posts\/16250\/revisions"}],"predecessor-version":[{"id":16252,"href":"https:\/\/www.kelmis.be\/fr\/wp-json\/wp\/v2\/posts\/16250\/revisions\/16252"}],"wp:featuredmedia":[{"embeddable":true,"href":"https:\/\/www.kelmis.be\/fr\/wp-json\/wp\/v2\/media\/16251"}],"wp:attachment":[{"href":"https:\/\/www.kelmis.be\/fr\/wp-json\/wp\/v2\/media?parent=16250"}],"wp:term":[{"taxonomy":"category","embeddable":true,"href":"https:\/\/www.kelmis.be\/fr\/wp-json\/wp\/v2\/categories?post=16250"},{"taxonomy":"post_tag","embeddable":true,"href":"https:\/\/www.kelmis.be\/fr\/wp-json\/wp\/v2\/tags?post=16250"}],"curies":[{"name":"wp","href":"https:\/\/api.w.org\/{rel}","templated":true}]}}