{"id":16236,"date":"2025-03-12T09:26:16","date_gmt":"2025-03-12T08:26:16","guid":{"rendered":"https:\/\/www.kelmis.be\/?p=16236"},"modified":"2025-03-12T09:38:46","modified_gmt":"2025-03-12T08:38:46","slug":"deux-belles-promenades-dans-notre-commune-a-loccasion-des-journees-wallonnes-de-leau","status":"publish","type":"post","link":"https:\/\/www.kelmis.be\/fr\/evenement\/deux-belles-promenades-dans-notre-commune-a-loccasion-des-journees-wallonnes-de-leau","title":{"rendered":"Deux belles promenades dans notre commune \u00e0 l&rsquo;occasion des Journ\u00e9es wallonnes de l&rsquo;eau"},"content":{"rendered":"<p>Du 14 au 30 mars, la R\u00e9gion wallonne accueille les Journ\u00e9es wallonnes de l&rsquo;eau. Ces journ\u00e9es mettent en lumi\u00e8re les enjeux de la pr\u00e9servation de cette ressource essentielle.<\/p>\n<p>Dans notre commune, deux randonn\u00e9es int\u00e9ressantes seront propos\u00e9es dans ce cadre samedi et dimanche prochains, afin de souligner les rivi\u00e8res, leur biodiversit\u00e9 et l&rsquo;importance de leur protection.<\/p>\n<p><strong>Samedi (15 mars)<\/strong>, Michael Stein, assist\u00e9 d&rsquo;un \u00e9cologue d&rsquo;Aix-la-Chapelle, propose une randonn\u00e9e au d\u00e9part de l&rsquo;\u00e9tang du Casino \u00e0 partir de 10 heures. Il s&rsquo;agit de descendre la rue de Li\u00e8ge jusqu&rsquo;\u00e0 la Gueule pour rejoindre Moresnet. On passera entre autres par le viaduc, le ch\u00e2teau de Bempt et la source de la Roer. Cette randonn\u00e9e gratuite et passionnante, qui pr\u00e9voit des \u00e9chantillons d&rsquo;eau et la recherche de traces de castors, dure trois heures et demie.<\/p>\n<p>Info : Michael Stein, 0049\/173 79 64 308<\/p>\n<p><strong>Le dimanche (16 mars)<\/strong>, Robert Schmetz organise une randonn\u00e9e de trois heures et demie qui longe la Gueule et passe entre autres par la chapelle Saint-Roch, les narcisses de la vall\u00e9e du Hohnbach et la galerie Oskar. Cette exploration gratuite et riche en \u00e9v\u00e9nements, qui suit \u00e9galement les traces des castors, d\u00e9bute \u00e0 14 heures au terrain de tennis du CTC La Calamine (Heide 66). Il y a suffisamment de possibilit\u00e9s de parking sur place. Robert Schmetz sera accompagn\u00e9 d&rsquo;une biologiste.<\/p>\n<p>Info : Robert Schmetz, 087\/65 65 99<\/p>\n<p>Le programme complet est disponible sur <strong><a href=\"http:\/\/www.journeeswallonnesdeleau.be\">ce site<\/a><\/strong>.<\/p>\n","protected":false},"excerpt":{"rendered":"Du 14 au 30 mars, la R\u00e9gion wallonne accueille les Journ\u00e9es wallonnes de l&rsquo;eau. Ces journ\u00e9es mettent en lumi\u00e8re les enjeux de la pr\u00e9servation de cette ressource essentielle. Dans notre commune, deux randonn\u00e9es int\u00e9ressantes seront propos\u00e9es dans ce cadre samedi et dimanche prochains, afin de souligner les rivi\u00e8res, leur biodiversit\u00e9 et l&rsquo;importance de leur protection. [&hellip;]","protected":false},"author":2,"featured_media":16237,"comment_status":"closed","ping_status":"closed","sticky":false,"template":"","format":"standard","meta":{"_acf_changed":false,"footnotes":""},"categories":[73],"tags":[],"class_list":["post-16236","post","type-post","status-publish","format-standard","has-post-thumbnail","hentry","category-evenement"],"acf":[],"_links":{"self":[{"href":"https:\/\/www.kelmis.be\/fr\/wp-json\/wp\/v2\/posts\/16236","targetHints":{"allow":["GET"]}}],"collection":[{"href":"https:\/\/www.kelmis.be\/fr\/wp-json\/wp\/v2\/posts"}],"about":[{"href":"https:\/\/www.kelmis.be\/fr\/wp-json\/wp\/v2\/types\/post"}],"author":[{"embeddable":true,"href":"https:\/\/www.kelmis.be\/fr\/wp-json\/wp\/v2\/users\/2"}],"replies":[{"embeddable":true,"href":"https:\/\/www.kelmis.be\/fr\/wp-json\/wp\/v2\/comments?post=16236"}],"version-history":[{"count":1,"href":"https:\/\/www.kelmis.be\/fr\/wp-json\/wp\/v2\/posts\/16236\/revisions"}],"predecessor-version":[{"id":16238,"href":"https:\/\/www.kelmis.be\/fr\/wp-json\/wp\/v2\/posts\/16236\/revisions\/16238"}],"wp:featuredmedia":[{"embeddable":true,"href":"https:\/\/www.kelmis.be\/fr\/wp-json\/wp\/v2\/media\/16237"}],"wp:attachment":[{"href":"https:\/\/www.kelmis.be\/fr\/wp-json\/wp\/v2\/media?parent=16236"}],"wp:term":[{"taxonomy":"category","embeddable":true,"href":"https:\/\/www.kelmis.be\/fr\/wp-json\/wp\/v2\/categories?post=16236"},{"taxonomy":"post_tag","embeddable":true,"href":"https:\/\/www.kelmis.be\/fr\/wp-json\/wp\/v2\/tags?post=16236"}],"curies":[{"name":"wp","href":"https:\/\/api.w.org\/{rel}","templated":true}]}}