{"id":16226,"date":"2025-03-11T12:50:34","date_gmt":"2025-03-11T11:50:34","guid":{"rendered":"https:\/\/www.kelmis.be\/?p=16226"},"modified":"2025-03-11T13:01:33","modified_gmt":"2025-03-11T12:01:33","slug":"batiment-annexe-du-select-rouvert-a-lutilisation","status":"publish","type":"post","link":"https:\/\/www.kelmis.be\/fr\/actualite-dans-la-commune\/batiment-annexe-du-select-rouvert-a-lutilisation","title":{"rendered":"B\u00e2timent annexe du Select rouvert \u00e0 l&rsquo;utilisation"},"content":{"rendered":"<p>Apr\u00e8s l&rsquo;accident de bus du jeudi gras, qui a endommag\u00e9 la ma\u00e7onnerie en moellons du centre culturel Select, le b\u00e2timent annexe (avec la grande salle, etc.) a \u00e9t\u00e9 rouvert \u00e0 l&rsquo;utilisation par l&rsquo;expert en statique. L&rsquo;expert en statique a toutefois recommand\u00e9 de contr\u00f4ler r\u00e9guli\u00e8rement le b\u00e2timent afin de d\u00e9tecter d&rsquo;\u00e9ventuelles modifications. Le b\u00e2timent principal (avec le caf\u00e9, le premier \u00e9tage, etc.) reste en revanche inutilisable.<\/p>\n","protected":false},"excerpt":{"rendered":"Apr\u00e8s l&rsquo;accident de bus du jeudi gras, qui a endommag\u00e9 la ma\u00e7onnerie en moellons du centre culturel Select, le b\u00e2timent annexe (avec la grande salle, etc.) a \u00e9t\u00e9 rouvert \u00e0 l&rsquo;utilisation par l&rsquo;expert en statique. L&rsquo;expert en statique a toutefois recommand\u00e9 de contr\u00f4ler r\u00e9guli\u00e8rement le b\u00e2timent afin de d\u00e9tecter d&rsquo;\u00e9ventuelles modifications. Le b\u00e2timent principal (avec [&hellip;]","protected":false},"author":2,"featured_media":16227,"comment_status":"closed","ping_status":"closed","sticky":false,"template":"","format":"standard","meta":{"_acf_changed":false,"footnotes":""},"categories":[70],"tags":[],"class_list":["post-16226","post","type-post","status-publish","format-standard","has-post-thumbnail","hentry","category-actualite-dans-la-commune"],"acf":[],"_links":{"self":[{"href":"https:\/\/www.kelmis.be\/fr\/wp-json\/wp\/v2\/posts\/16226","targetHints":{"allow":["GET"]}}],"collection":[{"href":"https:\/\/www.kelmis.be\/fr\/wp-json\/wp\/v2\/posts"}],"about":[{"href":"https:\/\/www.kelmis.be\/fr\/wp-json\/wp\/v2\/types\/post"}],"author":[{"embeddable":true,"href":"https:\/\/www.kelmis.be\/fr\/wp-json\/wp\/v2\/users\/2"}],"replies":[{"embeddable":true,"href":"https:\/\/www.kelmis.be\/fr\/wp-json\/wp\/v2\/comments?post=16226"}],"version-history":[{"count":1,"href":"https:\/\/www.kelmis.be\/fr\/wp-json\/wp\/v2\/posts\/16226\/revisions"}],"predecessor-version":[{"id":16228,"href":"https:\/\/www.kelmis.be\/fr\/wp-json\/wp\/v2\/posts\/16226\/revisions\/16228"}],"wp:featuredmedia":[{"embeddable":true,"href":"https:\/\/www.kelmis.be\/fr\/wp-json\/wp\/v2\/media\/16227"}],"wp:attachment":[{"href":"https:\/\/www.kelmis.be\/fr\/wp-json\/wp\/v2\/media?parent=16226"}],"wp:term":[{"taxonomy":"category","embeddable":true,"href":"https:\/\/www.kelmis.be\/fr\/wp-json\/wp\/v2\/categories?post=16226"},{"taxonomy":"post_tag","embeddable":true,"href":"https:\/\/www.kelmis.be\/fr\/wp-json\/wp\/v2\/tags?post=16226"}],"curies":[{"name":"wp","href":"https:\/\/api.w.org\/{rel}","templated":true}]}}