{"id":16210,"date":"2025-03-10T16:38:21","date_gmt":"2025-03-10T15:38:21","guid":{"rendered":"https:\/\/www.kelmis.be\/?p=16210"},"modified":"2025-03-11T14:41:14","modified_gmt":"2025-03-11T13:41:14","slug":"le-secretariat-demenage-ce-mardi","status":"publish","type":"post","link":"https:\/\/www.kelmis.be\/fr\/depuis-la-maison-communale\/le-secretariat-demenage-ce-mardi","title":{"rendered":"Le secr\u00e9tariat d\u00e9m\u00e9nage ce mardi"},"content":{"rendered":"<p>Dans le cadre des travaux de transformation de notre maison communale, le secr\u00e9tariat d\u00e9m\u00e9nage mardi et ne sera donc pas joignable ce jour-l\u00e0. Le nouveau lieu d&rsquo;activit\u00e9 du secr\u00e9tariat est l&rsquo;ancien b\u00e2timent du CPAS dans la cour int\u00e9rieure de la maison communale. D\u00e8s mercredi, notre secr\u00e9tariat sera \u00e0 nouveau \u00e0 votre disposition.<\/p>\n","protected":false},"excerpt":{"rendered":"Dans le cadre des travaux de transformation de notre maison communale, le secr\u00e9tariat d\u00e9m\u00e9nage mardi et ne sera donc pas joignable ce jour-l\u00e0. Le nouveau lieu d&rsquo;activit\u00e9 du secr\u00e9tariat est l&rsquo;ancien b\u00e2timent du CPAS dans la cour int\u00e9rieure de la maison communale. D\u00e8s mercredi, notre secr\u00e9tariat sera \u00e0 nouveau \u00e0 votre disposition.","protected":false},"author":2,"featured_media":16232,"comment_status":"closed","ping_status":"closed","sticky":false,"template":"","format":"standard","meta":{"_acf_changed":false,"footnotes":""},"categories":[71],"tags":[],"class_list":["post-16210","post","type-post","status-publish","format-standard","has-post-thumbnail","hentry","category-depuis-la-maison-communale"],"acf":[],"_links":{"self":[{"href":"https:\/\/www.kelmis.be\/fr\/wp-json\/wp\/v2\/posts\/16210","targetHints":{"allow":["GET"]}}],"collection":[{"href":"https:\/\/www.kelmis.be\/fr\/wp-json\/wp\/v2\/posts"}],"about":[{"href":"https:\/\/www.kelmis.be\/fr\/wp-json\/wp\/v2\/types\/post"}],"author":[{"embeddable":true,"href":"https:\/\/www.kelmis.be\/fr\/wp-json\/wp\/v2\/users\/2"}],"replies":[{"embeddable":true,"href":"https:\/\/www.kelmis.be\/fr\/wp-json\/wp\/v2\/comments?post=16210"}],"version-history":[{"count":1,"href":"https:\/\/www.kelmis.be\/fr\/wp-json\/wp\/v2\/posts\/16210\/revisions"}],"predecessor-version":[{"id":16212,"href":"https:\/\/www.kelmis.be\/fr\/wp-json\/wp\/v2\/posts\/16210\/revisions\/16212"}],"wp:featuredmedia":[{"embeddable":true,"href":"https:\/\/www.kelmis.be\/fr\/wp-json\/wp\/v2\/media\/16232"}],"wp:attachment":[{"href":"https:\/\/www.kelmis.be\/fr\/wp-json\/wp\/v2\/media?parent=16210"}],"wp:term":[{"taxonomy":"category","embeddable":true,"href":"https:\/\/www.kelmis.be\/fr\/wp-json\/wp\/v2\/categories?post=16210"},{"taxonomy":"post_tag","embeddable":true,"href":"https:\/\/www.kelmis.be\/fr\/wp-json\/wp\/v2\/tags?post=16210"}],"curies":[{"name":"wp","href":"https:\/\/api.w.org\/{rel}","templated":true}]}}